{"id":12006,"date":"2024-11-06T16:11:13","date_gmt":"2024-11-06T15:11:13","guid":{"rendered":"https:\/\/sfgrs.de\/wordpress\/?p=12006"},"modified":"2024-11-06T16:29:33","modified_gmt":"2024-11-06T15:29:33","slug":"das-tagebuch-der-anne-frank-hautnah-und-musikalisch","status":"publish","type":"post","link":"https:\/\/sfgrs.de\/wordpress\/index.php\/2024\/11\/06\/das-tagebuch-der-anne-frank-hautnah-und-musikalisch\/","title":{"rendered":"Das Tagebuch der Anne Frank \u2013 &#8222;hautnah&#8220; und musikalisch"},"content":{"rendered":"<div class=\"fusion-fullwidth fullwidth-box fusion-builder-row-1 fusion-flex-container has-pattern-background has-mask-background nonhundred-percent-fullwidth non-hundred-percent-height-scrolling\" style=\"--awb-border-radius-top-left:0px;--awb-border-radius-top-right:0px;--awb-border-radius-bottom-right:0px;--awb-border-radius-bottom-left:0px;--awb-flex-wrap:wrap;\" ><div class=\"fusion-builder-row fusion-row fusion-flex-align-items-flex-start fusion-flex-content-wrap\" style=\"max-width:1456px;margin-left: calc(-4% \/ 2 );margin-right: calc(-4% \/ 2 );\"><div class=\"fusion-layout-column fusion_builder_column fusion-builder-column-0 fusion_builder_column_1_2 1_2 fusion-flex-column\" style=\"--awb-bg-size:cover;--awb-width-large:50%;--awb-margin-top-large:0px;--awb-spacing-right-large:3.84%;--awb-margin-bottom-large:20px;--awb-spacing-left-large:3.84%;--awb-width-medium:100%;--awb-order-medium:0;--awb-spacing-right-medium:1.92%;--awb-spacing-left-medium:1.92%;--awb-width-small:100%;--awb-order-small:0;--awb-spacing-right-small:1.92%;--awb-spacing-left-small:1.92%;\"><div class=\"fusion-column-wrapper fusion-column-has-shadow fusion-flex-justify-content-flex-start fusion-content-layout-column\"><div class=\"fusion-image-carousel fusion-image-carousel-auto fusion-image-carousel-1 fusion-carousel-border\"><div class=\"awb-carousel awb-swiper awb-swiper-carousel\" data-autoplay=\"yes\" data-columns=\"1\" data-itemmargin=\"1\" data-itemwidth=\"180\" data-touchscroll=\"no\" data-imagesize=\"auto\" style=\"--awb-columns:1;--awb-column-spacing:1px;\"><div class=\"swiper-wrapper awb-image-carousel-wrapper fusion-flex-align-items-center\"><div class=\"swiper-slide\"><div class=\"fusion-carousel-item-wrapper\"><div class=\"fusion-image-wrapper hover-type-none\"><img decoding=\"async\" width=\"1152\" height=\"768\" src=\"https:\/\/sfgrs.de\/wordpress\/wp-content\/uploads\/2024\/11\/Tagebuch-neu.png\" class=\"attachment-full size-full\" alt=\"\" srcset=\"https:\/\/sfgrs.de\/wordpress\/wp-content\/uploads\/2024\/11\/Tagebuch-neu-200x133.png 200w, https:\/\/sfgrs.de\/wordpress\/wp-content\/uploads\/2024\/11\/Tagebuch-neu-300x200.png 300w, https:\/\/sfgrs.de\/wordpress\/wp-content\/uploads\/2024\/11\/Tagebuch-neu-400x267.png 400w, https:\/\/sfgrs.de\/wordpress\/wp-content\/uploads\/2024\/11\/Tagebuch-neu-600x400.png 600w, https:\/\/sfgrs.de\/wordpress\/wp-content\/uploads\/2024\/11\/Tagebuch-neu-768x512.png 768w, https:\/\/sfgrs.de\/wordpress\/wp-content\/uploads\/2024\/11\/Tagebuch-neu-800x533.png 800w, https:\/\/sfgrs.de\/wordpress\/wp-content\/uploads\/2024\/11\/Tagebuch-neu-1024x683.png 1024w, https:\/\/sfgrs.de\/wordpress\/wp-content\/uploads\/2024\/11\/Tagebuch-neu.png 1152w\" sizes=\"(max-width: 1152px) 100vw, 1152px\" \/><\/div><\/div><\/div><div class=\"swiper-slide\"><div class=\"fusion-carousel-item-wrapper\"><div class=\"fusion-image-wrapper hover-type-none\"><img decoding=\"async\" width=\"1152\" height=\"768\" src=\"https:\/\/sfgrs.de\/wordpress\/wp-content\/uploads\/2024\/11\/Tagebuch-neu-2.png\" class=\"attachment-full size-full\" alt=\"\" srcset=\"https:\/\/sfgrs.de\/wordpress\/wp-content\/uploads\/2024\/11\/Tagebuch-neu-2-200x133.png 200w, https:\/\/sfgrs.de\/wordpress\/wp-content\/uploads\/2024\/11\/Tagebuch-neu-2-300x200.png 300w, https:\/\/sfgrs.de\/wordpress\/wp-content\/uploads\/2024\/11\/Tagebuch-neu-2-400x267.png 400w, https:\/\/sfgrs.de\/wordpress\/wp-content\/uploads\/2024\/11\/Tagebuch-neu-2-600x400.png 600w, https:\/\/sfgrs.de\/wordpress\/wp-content\/uploads\/2024\/11\/Tagebuch-neu-2-768x512.png 768w, https:\/\/sfgrs.de\/wordpress\/wp-content\/uploads\/2024\/11\/Tagebuch-neu-2-800x533.png 800w, https:\/\/sfgrs.de\/wordpress\/wp-content\/uploads\/2024\/11\/Tagebuch-neu-2-1024x683.png 1024w, https:\/\/sfgrs.de\/wordpress\/wp-content\/uploads\/2024\/11\/Tagebuch-neu-2.png 1152w\" sizes=\"(max-width: 1152px) 100vw, 1152px\" \/><\/div><\/div><\/div><\/div><\/div><\/div><\/div><\/div><div class=\"fusion-layout-column fusion_builder_column fusion-builder-column-1 fusion_builder_column_1_2 1_2 fusion-flex-column\" style=\"--awb-bg-size:cover;--awb-width-large:50%;--awb-margin-top-large:0px;--awb-spacing-right-large:3.84%;--awb-margin-bottom-large:20px;--awb-spacing-left-large:3.84%;--awb-width-medium:100%;--awb-order-medium:0;--awb-spacing-right-medium:1.92%;--awb-spacing-left-medium:1.92%;--awb-width-small:100%;--awb-order-small:0;--awb-spacing-right-small:1.92%;--awb-spacing-left-small:1.92%;\"><div class=\"fusion-column-wrapper fusion-column-has-shadow fusion-flex-justify-content-flex-start fusion-content-layout-column\"><div class=\"fusion-text fusion-text-1\"><p>Am 9. und 10. Oktober 2024 durften die Sch\u00fclerinnen des 12er-Musik-Grundkurses sowie der Klasse 10c das Schicksal der 13-j\u00e4hrigen Anne Frank zur Zeit des Nationalsozialismus im wahrsten Sinne des Wortes &#8222;hautnah&#8220; miterleben:<br \/>\nIm Rahmen eines der diesj\u00e4hrigen Klassenzimmerst\u00fccke kam das Ensemble des Pfalztheaters mit seiner Inszenierung der mobilen Mono-Oper von Grigori Frid f\u00fcr Haupt- und Generalprobe zu uns in den Musiksaal.<\/p>\n<p>Anne Franks Erlebnisse und Emotionen wurden in moderner klassischer Musik zum Klingen gebracht und die Sch\u00fclerinnen direkt in die Handlung miteinbezogen:<br \/>\nSo setzt sich Anne Frank unmittelbar neben eine unserer Sch\u00fclerinnen, als sie von ihren noch unbeschwerten Erlebnissen in der Schule &#8222;erz\u00e4hlt&#8220; und machte dadurch unsere Klasse zu ihrer Klasse und unsere Sch\u00fclerinnen zu ihren Mitsch\u00fclerinnen.<\/p>\n<p>Mit ihrem Ausdruck von Angst, Einsamkeit, Liebe und Hoffnung auf Freiheit und Frieden spricht Anne (\u00e4u\u00dferst \u00fcberzeugend und grandios verk\u00f6rpert durch Soyo Liu) alle Teilnehmenden konkret an und l\u00f6st in ihnen das Gef\u00fchl von gro\u00dfer Betroffenheit, Hilflosigkeit und Mitleiden aus \u2013 Gef\u00fchle, die von unseren Sch\u00fclerinnen in den lebhaften, von Theatervermittlerin Juliane Rick geleiteten Nachgespr\u00e4chen mit Hauptdarstellerin, Pianist und Regieteam mehrfach ge\u00e4u\u00dfert wurden.<\/p>\n<p>F\u00fcr die Sch\u00fclerinnen, die &#8222;Das Tagebuch der Anne Frank&#8220; im Deutschunterricht behandelt hatten, bedeutete die f\u00fcr sie eher ungewohnte zeitgen\u00f6ssische musikalische Umsetzung des Inhaltes keine unangenehme Erfahrung \u2013 im Gegenteil: Die Drastik und Ernsthaftigkeit der Thematik sei so auf besonders angemessene und deutliche Weise umgesetzt worden.<\/p>\n<p>Die Mono-Oper &#8222;Das Tagebuch der Anne Frank&#8220; \u2013 eine Bereicherung f\u00fcr uns alle!<\/p>\n<p><em>Andrea Liese<\/em><\/p>\n<\/div><\/div><\/div><\/div><\/div>\n","protected":false},"excerpt":{"rendered":"","protected":false},"author":14,"featured_media":12018,"comment_status":"open","ping_status":"open","sticky":false,"template":"","format":"standard","meta":{"footnotes":""},"categories":[1],"tags":[],"class_list":["post-12006","post","type-post","status-publish","format-standard","has-post-thumbnail","hentry","category-allgemein"],"_links":{"self":[{"href":"https:\/\/sfgrs.de\/wordpress\/index.php\/wp-json\/wp\/v2\/posts\/12006","targetHints":{"allow":["GET"]}}],"collection":[{"href":"https:\/\/sfgrs.de\/wordpress\/index.php\/wp-json\/wp\/v2\/posts"}],"about":[{"href":"https:\/\/sfgrs.de\/wordpress\/index.php\/wp-json\/wp\/v2\/types\/post"}],"author":[{"embeddable":true,"href":"https:\/\/sfgrs.de\/wordpress\/index.php\/wp-json\/wp\/v2\/users\/14"}],"replies":[{"embeddable":true,"href":"https:\/\/sfgrs.de\/wordpress\/index.php\/wp-json\/wp\/v2\/comments?post=12006"}],"version-history":[{"count":4,"href":"https:\/\/sfgrs.de\/wordpress\/index.php\/wp-json\/wp\/v2\/posts\/12006\/revisions"}],"predecessor-version":[{"id":12020,"href":"https:\/\/sfgrs.de\/wordpress\/index.php\/wp-json\/wp\/v2\/posts\/12006\/revisions\/12020"}],"wp:featuredmedia":[{"embeddable":true,"href":"https:\/\/sfgrs.de\/wordpress\/index.php\/wp-json\/wp\/v2\/media\/12018"}],"wp:attachment":[{"href":"https:\/\/sfgrs.de\/wordpress\/index.php\/wp-json\/wp\/v2\/media?parent=12006"}],"wp:term":[{"taxonomy":"category","embeddable":true,"href":"https:\/\/sfgrs.de\/wordpress\/index.php\/wp-json\/wp\/v2\/categories?post=12006"},{"taxonomy":"post_tag","embeddable":true,"href":"https:\/\/sfgrs.de\/wordpress\/index.php\/wp-json\/wp\/v2\/tags?post=12006"}],"curies":[{"name":"wp","href":"https:\/\/api.w.org\/{rel}","templated":true}]}}