{"id":12367,"date":"2025-01-19T12:53:57","date_gmt":"2025-01-19T11:53:57","guid":{"rendered":"https:\/\/sfgrs.de\/wordpress\/?p=12367"},"modified":"2025-01-19T12:55:55","modified_gmt":"2025-01-19T11:55:55","slug":"erfolgreiche-rezertifizierung-unsere-schule-bleibt-europaschule-des-landes-rheinland-pfalz","status":"publish","type":"post","link":"https:\/\/sfgrs.de\/wordpress\/index.php\/2025\/01\/19\/erfolgreiche-rezertifizierung-unsere-schule-bleibt-europaschule-des-landes-rheinland-pfalz\/","title":{"rendered":"Erfolgreiche Rezertifizierung! &#8211; Unsere Schule bleibt Europaschule des Landes Rheinland-Pfalz"},"content":{"rendered":"<div class=\"fusion-fullwidth fullwidth-box fusion-builder-row-1 fusion-flex-container has-pattern-background has-mask-background nonhundred-percent-fullwidth non-hundred-percent-height-scrolling\" style=\"--awb-border-radius-top-left:0px;--awb-border-radius-top-right:0px;--awb-border-radius-bottom-right:0px;--awb-border-radius-bottom-left:0px;--awb-flex-wrap:wrap;\" ><div class=\"fusion-builder-row fusion-row fusion-flex-align-items-flex-start fusion-flex-content-wrap\" style=\"max-width:1456px;margin-left: calc(-4% \/ 2 );margin-right: calc(-4% \/ 2 );\"><div class=\"fusion-layout-column fusion_builder_column fusion-builder-column-0 fusion_builder_column_1_2 1_2 fusion-flex-column\" style=\"--awb-bg-size:cover;--awb-width-large:50%;--awb-margin-top-large:0px;--awb-spacing-right-large:3.84%;--awb-margin-bottom-large:20px;--awb-spacing-left-large:3.84%;--awb-width-medium:100%;--awb-order-medium:0;--awb-spacing-right-medium:1.92%;--awb-spacing-left-medium:1.92%;--awb-width-small:100%;--awb-order-small:0;--awb-spacing-right-small:1.92%;--awb-spacing-left-small:1.92%;\"><div class=\"fusion-column-wrapper fusion-column-has-shadow fusion-flex-justify-content-flex-start fusion-content-layout-column\"><div class=\"fusion-image-carousel fusion-image-carousel-auto fusion-image-carousel-1 fusion-carousel-border\"><div class=\"awb-carousel awb-swiper awb-swiper-carousel\" data-autoplay=\"no\" data-columns=\"1\" data-itemmargin=\"1\" data-itemwidth=\"180\" data-touchscroll=\"no\" data-imagesize=\"auto\" style=\"--awb-columns:1;--awb-column-spacing:1px;\"><div class=\"swiper-wrapper awb-image-carousel-wrapper fusion-flex-align-items-center\"><div class=\"swiper-slide\"><div class=\"fusion-carousel-item-wrapper\"><div class=\"fusion-image-wrapper hover-type-none\"><img decoding=\"async\" width=\"768\" height=\"1099\" src=\"https:\/\/sfgrs.de\/wordpress\/wp-content\/uploads\/2025\/01\/europaschule2.jpg\" class=\"attachment-full size-full\" alt=\"\" srcset=\"https:\/\/sfgrs.de\/wordpress\/wp-content\/uploads\/2025\/01\/europaschule2-200x286.jpg 200w, https:\/\/sfgrs.de\/wordpress\/wp-content\/uploads\/2025\/01\/europaschule2-210x300.jpg 210w, https:\/\/sfgrs.de\/wordpress\/wp-content\/uploads\/2025\/01\/europaschule2-400x572.jpg 400w, https:\/\/sfgrs.de\/wordpress\/wp-content\/uploads\/2025\/01\/europaschule2-600x859.jpg 600w, https:\/\/sfgrs.de\/wordpress\/wp-content\/uploads\/2025\/01\/europaschule2-716x1024.jpg 716w, https:\/\/sfgrs.de\/wordpress\/wp-content\/uploads\/2025\/01\/europaschule2.jpg 768w\" sizes=\"(max-width: 768px) 100vw, 768px\" \/><\/div><\/div><\/div><\/div><\/div><\/div><\/div><\/div><div class=\"fusion-layout-column fusion_builder_column fusion-builder-column-1 fusion_builder_column_1_2 1_2 fusion-flex-column\" style=\"--awb-bg-size:cover;--awb-width-large:50%;--awb-margin-top-large:0px;--awb-spacing-right-large:3.84%;--awb-margin-bottom-large:20px;--awb-spacing-left-large:3.84%;--awb-width-medium:100%;--awb-order-medium:0;--awb-spacing-right-medium:1.92%;--awb-spacing-left-medium:1.92%;--awb-width-small:100%;--awb-order-small:0;--awb-spacing-right-small:1.92%;--awb-spacing-left-small:1.92%;\"><div class=\"fusion-column-wrapper fusion-column-has-shadow fusion-flex-justify-content-flex-start fusion-content-layout-column\"><div class=\"fusion-text fusion-text-1\"><p>Wir freuen uns sehr, dass wir als \u201eEuropaschule des Landes RLP\u201c rezertifiziert wurden und diesen Titel, welchen wir seit dem Schuljahr 2018\/19 innehaben, weitere f\u00fcnf Jahre tragen d\u00fcrfen. Diese Rezertifizierung best\u00e4tigt unser langj\u00e4hriges Engagement im Sinne des europ\u00e4ischen Gedankens und Miteinanders, wie z.B. in Form von europ\u00e4ischen Projekten oder Austauschen, sodass das SFGRS \u201eEuropa im Schulalltag lebt\u201c.<\/p>\n<p>Um den Titel \u201eEuropaschule des Landes Rheinland-Pfalz\u201c weiterf\u00fchren zu d\u00fcrfen, unterzog sich die Schulgemeinschaft einer umf\u00e4nglichen Evaluation im Rezertifizierungsprozess. Hierzu wurden wir in den Bereichen \u201eeurop\u00e4isches und interkulturelles Profil\u201c, \u201eFremdsprachen\u201c, \u201einternationale Begegnungen\u201c und \u201eEuropa-Projekte\u201c gepr\u00fcft und vom Ministerium f\u00fcr Bildung in Rheinland-Pfalz erfolgreich bewertet.<\/p>\n<p>Nun freuen wir uns \u00fcber die weiteren Jahre als \u201eEuropaschule\u201c und den Austausch im \u201eNetzwerk der Europaschulen in Rheinland-Pfalz\u201c, aber v.a. gilt es, den Titel in den n\u00e4chsten Jahren zu best\u00e4tigen und die europ\u00e4ischen Aktivit\u00e4ten fortzuf\u00fchren bzw. weiterzuentwickeln.<\/p>\n<p><em>L. Latterner<\/em><\/p>\n<\/div><\/div><\/div><\/div><\/div>\n","protected":false},"excerpt":{"rendered":"","protected":false},"author":14,"featured_media":12365,"comment_status":"open","ping_status":"open","sticky":false,"template":"","format":"standard","meta":{"footnotes":""},"categories":[1],"tags":[],"class_list":["post-12367","post","type-post","status-publish","format-standard","has-post-thumbnail","hentry","category-allgemein"],"_links":{"self":[{"href":"https:\/\/sfgrs.de\/wordpress\/index.php\/wp-json\/wp\/v2\/posts\/12367","targetHints":{"allow":["GET"]}}],"collection":[{"href":"https:\/\/sfgrs.de\/wordpress\/index.php\/wp-json\/wp\/v2\/posts"}],"about":[{"href":"https:\/\/sfgrs.de\/wordpress\/index.php\/wp-json\/wp\/v2\/types\/post"}],"author":[{"embeddable":true,"href":"https:\/\/sfgrs.de\/wordpress\/index.php\/wp-json\/wp\/v2\/users\/14"}],"replies":[{"embeddable":true,"href":"https:\/\/sfgrs.de\/wordpress\/index.php\/wp-json\/wp\/v2\/comments?post=12367"}],"version-history":[{"count":4,"href":"https:\/\/sfgrs.de\/wordpress\/index.php\/wp-json\/wp\/v2\/posts\/12367\/revisions"}],"predecessor-version":[{"id":12371,"href":"https:\/\/sfgrs.de\/wordpress\/index.php\/wp-json\/wp\/v2\/posts\/12367\/revisions\/12371"}],"wp:featuredmedia":[{"embeddable":true,"href":"https:\/\/sfgrs.de\/wordpress\/index.php\/wp-json\/wp\/v2\/media\/12365"}],"wp:attachment":[{"href":"https:\/\/sfgrs.de\/wordpress\/index.php\/wp-json\/wp\/v2\/media?parent=12367"}],"wp:term":[{"taxonomy":"category","embeddable":true,"href":"https:\/\/sfgrs.de\/wordpress\/index.php\/wp-json\/wp\/v2\/categories?post=12367"},{"taxonomy":"post_tag","embeddable":true,"href":"https:\/\/sfgrs.de\/wordpress\/index.php\/wp-json\/wp\/v2\/tags?post=12367"}],"curies":[{"name":"wp","href":"https:\/\/api.w.org\/{rel}","templated":true}]}}