{"id":12627,"date":"2025-07-02T14:14:20","date_gmt":"2025-07-02T12:14:20","guid":{"rendered":"https:\/\/sfgrs.de\/wordpress\/?p=12627"},"modified":"2025-07-02T14:14:20","modified_gmt":"2025-07-02T12:14:20","slug":"gutes-werk-sucht-vollendung-absolventinnen-der-st-franziskus-realschule-auf-dem-weg-ins-leben","status":"publish","type":"post","link":"https:\/\/sfgrs.de\/wordpress\/index.php\/2025\/07\/02\/gutes-werk-sucht-vollendung-absolventinnen-der-st-franziskus-realschule-auf-dem-weg-ins-leben\/","title":{"rendered":"Gutes Werk sucht Vollendung  Absolventinnen der St.-Franziskus-Realschule auf dem Weg ins Leben"},"content":{"rendered":"<div class=\"fusion-fullwidth fullwidth-box fusion-builder-row-1 fusion-flex-container has-pattern-background has-mask-background nonhundred-percent-fullwidth non-hundred-percent-height-scrolling\" style=\"--awb-border-radius-top-left:0px;--awb-border-radius-top-right:0px;--awb-border-radius-bottom-right:0px;--awb-border-radius-bottom-left:0px;--awb-flex-wrap:wrap;\" ><div class=\"fusion-builder-row fusion-row fusion-flex-align-items-flex-start fusion-flex-content-wrap\" style=\"max-width:1456px;margin-left: calc(-4% \/ 2 );margin-right: calc(-4% \/ 2 );\"><div class=\"fusion-layout-column fusion_builder_column fusion-builder-column-0 fusion_builder_column_1_2 1_2 fusion-flex-column\" style=\"--awb-bg-size:cover;--awb-width-large:50%;--awb-margin-top-large:0px;--awb-spacing-right-large:3.84%;--awb-margin-bottom-large:20px;--awb-spacing-left-large:3.84%;--awb-width-medium:100%;--awb-order-medium:0;--awb-spacing-right-medium:1.92%;--awb-spacing-left-medium:1.92%;--awb-width-small:100%;--awb-order-small:0;--awb-spacing-right-small:1.92%;--awb-spacing-left-small:1.92%;\"><div class=\"fusion-column-wrapper fusion-column-has-shadow fusion-flex-justify-content-flex-start fusion-content-layout-column\"><div class=\"fusion-image-carousel fusion-image-carousel-auto fusion-image-carousel-1 fusion-carousel-border\"><div class=\"awb-carousel awb-swiper awb-swiper-carousel\" data-autoplay=\"yes\" data-columns=\"1\" data-itemmargin=\"1\" data-itemwidth=\"180\" data-touchscroll=\"no\" data-imagesize=\"auto\" style=\"--awb-columns:1;--awb-column-spacing:1px;\"><div class=\"swiper-wrapper awb-image-carousel-wrapper fusion-flex-align-items-center\"><div class=\"swiper-slide\"><div class=\"fusion-carousel-item-wrapper\"><div class=\"fusion-image-wrapper hover-type-none\"><img decoding=\"async\" width=\"2560\" height=\"1708\" src=\"https:\/\/sfgrs.de\/wordpress\/wp-content\/uploads\/2025\/07\/Realschulabschluss-2025-scaled.png\" class=\"attachment-full size-full\" alt=\"\" srcset=\"https:\/\/sfgrs.de\/wordpress\/wp-content\/uploads\/2025\/07\/Realschulabschluss-2025-200x133.png 200w, https:\/\/sfgrs.de\/wordpress\/wp-content\/uploads\/2025\/07\/Realschulabschluss-2025-300x200.png 300w, https:\/\/sfgrs.de\/wordpress\/wp-content\/uploads\/2025\/07\/Realschulabschluss-2025-400x267.png 400w, https:\/\/sfgrs.de\/wordpress\/wp-content\/uploads\/2025\/07\/Realschulabschluss-2025-600x400.png 600w, https:\/\/sfgrs.de\/wordpress\/wp-content\/uploads\/2025\/07\/Realschulabschluss-2025-768x512.png 768w, https:\/\/sfgrs.de\/wordpress\/wp-content\/uploads\/2025\/07\/Realschulabschluss-2025-800x534.png 800w, https:\/\/sfgrs.de\/wordpress\/wp-content\/uploads\/2025\/07\/Realschulabschluss-2025-1024x683.png 1024w, https:\/\/sfgrs.de\/wordpress\/wp-content\/uploads\/2025\/07\/Realschulabschluss-2025-1200x800.png 1200w, https:\/\/sfgrs.de\/wordpress\/wp-content\/uploads\/2025\/07\/Realschulabschluss-2025-1536x1025.png 1536w, https:\/\/sfgrs.de\/wordpress\/wp-content\/uploads\/2025\/07\/Realschulabschluss-2025-scaled.png 2560w\" sizes=\"(max-width: 2560px) 100vw, 2560px\" \/><\/div><\/div><\/div><div class=\"swiper-slide\"><div class=\"fusion-carousel-item-wrapper\"><div class=\"fusion-image-wrapper hover-type-none\"><img decoding=\"async\" width=\"4000\" height=\"2668\" src=\"https:\/\/sfgrs.de\/wordpress\/wp-content\/uploads\/2025\/07\/Realschulabschluss-2025-1.png\" class=\"attachment-full size-full\" alt=\"\" \/><\/div><\/div><\/div><div class=\"swiper-slide\"><div class=\"fusion-carousel-item-wrapper\"><div class=\"fusion-image-wrapper hover-type-none\"><img decoding=\"async\" width=\"960\" height=\"640\" src=\"https:\/\/sfgrs.de\/wordpress\/wp-content\/uploads\/2025\/07\/Realschulabschluss-2025-6.png\" class=\"attachment-full size-full\" alt=\"\" srcset=\"https:\/\/sfgrs.de\/wordpress\/wp-content\/uploads\/2025\/07\/Realschulabschluss-2025-6-200x133.png 200w, https:\/\/sfgrs.de\/wordpress\/wp-content\/uploads\/2025\/07\/Realschulabschluss-2025-6-300x200.png 300w, https:\/\/sfgrs.de\/wordpress\/wp-content\/uploads\/2025\/07\/Realschulabschluss-2025-6-400x267.png 400w, https:\/\/sfgrs.de\/wordpress\/wp-content\/uploads\/2025\/07\/Realschulabschluss-2025-6-600x400.png 600w, https:\/\/sfgrs.de\/wordpress\/wp-content\/uploads\/2025\/07\/Realschulabschluss-2025-6-768x512.png 768w, https:\/\/sfgrs.de\/wordpress\/wp-content\/uploads\/2025\/07\/Realschulabschluss-2025-6-800x533.png 800w, https:\/\/sfgrs.de\/wordpress\/wp-content\/uploads\/2025\/07\/Realschulabschluss-2025-6.png 960w\" sizes=\"(max-width: 960px) 100vw, 960px\" \/><\/div><\/div><\/div><div class=\"swiper-slide\"><div class=\"fusion-carousel-item-wrapper\"><div class=\"fusion-image-wrapper hover-type-none\"><img decoding=\"async\" width=\"960\" height=\"640\" src=\"https:\/\/sfgrs.de\/wordpress\/wp-content\/uploads\/2025\/07\/Realschulabschluss-2025-5.png\" class=\"attachment-full size-full\" alt=\"\" srcset=\"https:\/\/sfgrs.de\/wordpress\/wp-content\/uploads\/2025\/07\/Realschulabschluss-2025-5-200x133.png 200w, https:\/\/sfgrs.de\/wordpress\/wp-content\/uploads\/2025\/07\/Realschulabschluss-2025-5-300x200.png 300w, https:\/\/sfgrs.de\/wordpress\/wp-content\/uploads\/2025\/07\/Realschulabschluss-2025-5-400x267.png 400w, https:\/\/sfgrs.de\/wordpress\/wp-content\/uploads\/2025\/07\/Realschulabschluss-2025-5-600x400.png 600w, https:\/\/sfgrs.de\/wordpress\/wp-content\/uploads\/2025\/07\/Realschulabschluss-2025-5-768x512.png 768w, https:\/\/sfgrs.de\/wordpress\/wp-content\/uploads\/2025\/07\/Realschulabschluss-2025-5-800x533.png 800w, https:\/\/sfgrs.de\/wordpress\/wp-content\/uploads\/2025\/07\/Realschulabschluss-2025-5.png 960w\" sizes=\"(max-width: 960px) 100vw, 960px\" \/><\/div><\/div><\/div><div class=\"swiper-slide\"><div class=\"fusion-carousel-item-wrapper\"><div class=\"fusion-image-wrapper hover-type-none\"><img decoding=\"async\" width=\"1280\" height=\"853\" src=\"https:\/\/sfgrs.de\/wordpress\/wp-content\/uploads\/2025\/07\/Realschulabschluss-2025-4.png\" class=\"attachment-full size-full\" alt=\"\" srcset=\"https:\/\/sfgrs.de\/wordpress\/wp-content\/uploads\/2025\/07\/Realschulabschluss-2025-4-200x133.png 200w, https:\/\/sfgrs.de\/wordpress\/wp-content\/uploads\/2025\/07\/Realschulabschluss-2025-4-300x200.png 300w, https:\/\/sfgrs.de\/wordpress\/wp-content\/uploads\/2025\/07\/Realschulabschluss-2025-4-400x267.png 400w, https:\/\/sfgrs.de\/wordpress\/wp-content\/uploads\/2025\/07\/Realschulabschluss-2025-4-600x400.png 600w, https:\/\/sfgrs.de\/wordpress\/wp-content\/uploads\/2025\/07\/Realschulabschluss-2025-4-768x512.png 768w, https:\/\/sfgrs.de\/wordpress\/wp-content\/uploads\/2025\/07\/Realschulabschluss-2025-4-800x533.png 800w, https:\/\/sfgrs.de\/wordpress\/wp-content\/uploads\/2025\/07\/Realschulabschluss-2025-4-1024x682.png 1024w, https:\/\/sfgrs.de\/wordpress\/wp-content\/uploads\/2025\/07\/Realschulabschluss-2025-4-1200x800.png 1200w, https:\/\/sfgrs.de\/wordpress\/wp-content\/uploads\/2025\/07\/Realschulabschluss-2025-4.png 1280w\" sizes=\"(max-width: 1280px) 100vw, 1280px\" \/><\/div><\/div><\/div><div class=\"swiper-slide\"><div class=\"fusion-carousel-item-wrapper\"><div class=\"fusion-image-wrapper hover-type-none\"><img decoding=\"async\" width=\"1280\" height=\"853\" src=\"https:\/\/sfgrs.de\/wordpress\/wp-content\/uploads\/2025\/07\/Realschulabschluss-2025-3.png\" class=\"attachment-full size-full\" alt=\"\" srcset=\"https:\/\/sfgrs.de\/wordpress\/wp-content\/uploads\/2025\/07\/Realschulabschluss-2025-3-200x133.png 200w, https:\/\/sfgrs.de\/wordpress\/wp-content\/uploads\/2025\/07\/Realschulabschluss-2025-3-300x200.png 300w, https:\/\/sfgrs.de\/wordpress\/wp-content\/uploads\/2025\/07\/Realschulabschluss-2025-3-400x267.png 400w, https:\/\/sfgrs.de\/wordpress\/wp-content\/uploads\/2025\/07\/Realschulabschluss-2025-3-600x400.png 600w, https:\/\/sfgrs.de\/wordpress\/wp-content\/uploads\/2025\/07\/Realschulabschluss-2025-3-768x512.png 768w, https:\/\/sfgrs.de\/wordpress\/wp-content\/uploads\/2025\/07\/Realschulabschluss-2025-3-800x533.png 800w, https:\/\/sfgrs.de\/wordpress\/wp-content\/uploads\/2025\/07\/Realschulabschluss-2025-3-1024x682.png 1024w, https:\/\/sfgrs.de\/wordpress\/wp-content\/uploads\/2025\/07\/Realschulabschluss-2025-3-1200x800.png 1200w, https:\/\/sfgrs.de\/wordpress\/wp-content\/uploads\/2025\/07\/Realschulabschluss-2025-3.png 1280w\" sizes=\"(max-width: 1280px) 100vw, 1280px\" \/><\/div><\/div><\/div><div class=\"swiper-slide\"><div class=\"fusion-carousel-item-wrapper\"><div class=\"fusion-image-wrapper hover-type-none\"><img decoding=\"async\" width=\"1280\" height=\"853\" src=\"https:\/\/sfgrs.de\/wordpress\/wp-content\/uploads\/2025\/07\/Realschulabschluss-2025-7.png\" class=\"attachment-full size-full\" alt=\"\" srcset=\"https:\/\/sfgrs.de\/wordpress\/wp-content\/uploads\/2025\/07\/Realschulabschluss-2025-7-200x133.png 200w, https:\/\/sfgrs.de\/wordpress\/wp-content\/uploads\/2025\/07\/Realschulabschluss-2025-7-300x200.png 300w, https:\/\/sfgrs.de\/wordpress\/wp-content\/uploads\/2025\/07\/Realschulabschluss-2025-7-400x267.png 400w, https:\/\/sfgrs.de\/wordpress\/wp-content\/uploads\/2025\/07\/Realschulabschluss-2025-7-600x400.png 600w, https:\/\/sfgrs.de\/wordpress\/wp-content\/uploads\/2025\/07\/Realschulabschluss-2025-7-768x512.png 768w, https:\/\/sfgrs.de\/wordpress\/wp-content\/uploads\/2025\/07\/Realschulabschluss-2025-7-800x533.png 800w, https:\/\/sfgrs.de\/wordpress\/wp-content\/uploads\/2025\/07\/Realschulabschluss-2025-7-1024x682.png 1024w, https:\/\/sfgrs.de\/wordpress\/wp-content\/uploads\/2025\/07\/Realschulabschluss-2025-7-1200x800.png 1200w, https:\/\/sfgrs.de\/wordpress\/wp-content\/uploads\/2025\/07\/Realschulabschluss-2025-7.png 1280w\" sizes=\"(max-width: 1280px) 100vw, 1280px\" \/><\/div><\/div><\/div><div class=\"swiper-slide\"><div class=\"fusion-carousel-item-wrapper\"><div class=\"fusion-image-wrapper hover-type-none\"><img decoding=\"async\" width=\"2560\" height=\"1708\" src=\"https:\/\/sfgrs.de\/wordpress\/wp-content\/uploads\/2025\/07\/Realschulabschluss-2025-2-scaled.png\" class=\"attachment-full size-full\" alt=\"\" srcset=\"https:\/\/sfgrs.de\/wordpress\/wp-content\/uploads\/2025\/07\/Realschulabschluss-2025-2-200x133.png 200w, https:\/\/sfgrs.de\/wordpress\/wp-content\/uploads\/2025\/07\/Realschulabschluss-2025-2-300x200.png 300w, https:\/\/sfgrs.de\/wordpress\/wp-content\/uploads\/2025\/07\/Realschulabschluss-2025-2-400x267.png 400w, https:\/\/sfgrs.de\/wordpress\/wp-content\/uploads\/2025\/07\/Realschulabschluss-2025-2-600x400.png 600w, https:\/\/sfgrs.de\/wordpress\/wp-content\/uploads\/2025\/07\/Realschulabschluss-2025-2-768x512.png 768w, https:\/\/sfgrs.de\/wordpress\/wp-content\/uploads\/2025\/07\/Realschulabschluss-2025-2-800x534.png 800w, https:\/\/sfgrs.de\/wordpress\/wp-content\/uploads\/2025\/07\/Realschulabschluss-2025-2-1024x683.png 1024w, https:\/\/sfgrs.de\/wordpress\/wp-content\/uploads\/2025\/07\/Realschulabschluss-2025-2-1200x800.png 1200w, https:\/\/sfgrs.de\/wordpress\/wp-content\/uploads\/2025\/07\/Realschulabschluss-2025-2-1536x1025.png 1536w, https:\/\/sfgrs.de\/wordpress\/wp-content\/uploads\/2025\/07\/Realschulabschluss-2025-2-scaled.png 2560w\" sizes=\"(max-width: 2560px) 100vw, 2560px\" \/><\/div><\/div><\/div><\/div><\/div><\/div><\/div><\/div><div class=\"fusion-layout-column fusion_builder_column fusion-builder-column-1 fusion_builder_column_1_2 1_2 fusion-flex-column\" style=\"--awb-bg-size:cover;--awb-width-large:50%;--awb-margin-top-large:0px;--awb-spacing-right-large:3.84%;--awb-margin-bottom-large:20px;--awb-spacing-left-large:3.84%;--awb-width-medium:100%;--awb-order-medium:0;--awb-spacing-right-medium:1.92%;--awb-spacing-left-medium:1.92%;--awb-width-small:100%;--awb-order-small:0;--awb-spacing-right-small:1.92%;--awb-spacing-left-small:1.92%;\"><div class=\"fusion-column-wrapper fusion-column-has-shadow fusion-flex-justify-content-flex-start fusion-content-layout-column\"><div class=\"fusion-text fusion-text-1\"><p>\u201eDu findest das Leben nur, wenn du bereit bist zu wachsen.\u201c So sagt es der G\u00e4rtner der furchtsamen<br \/>\nTulpenzwiebel, deren Geschichte in diesem Jahr im Zentrum des Gottesdienstes der<br \/>\nAbgangsklassen der St.-Franziskus-Realschule stand. Diese Botschaft gaben auch Kollegium und<br \/>\nSchulleitung den 58 Zehntkl\u00e4sslerinnen in einer festlichen Feierstunde mit auf den Weg. S\u00e4mtliche<br \/>\nSch\u00fclerinnen des Jahrgangs haben erfolgreich den Qualifizierten Sekundarabschluss I erreicht. Ein<br \/>\nGrund zu feiern, ohne Zweifel. Dass dieser Weg, \u00e4hnlich wie der Weg der Tulpenzwiebel, nur durch<br \/>\nVer\u00e4nderungen und ein mutiges Vordringen in fremde Welten gelingen konnte und weiter gelingt,<br \/>\nspiegelt auch das Motto wieder, das sich der Jahrgang f\u00fcr seine Entlassung gew\u00e4hlt hat: \u201eGott hat<br \/>\nein gutes Werk an uns getan und wird es vollenden\u201c.<br \/>\nNoch ein letztes Mal gemeinsam mit den Schulkameradinnen die bekannten Gottesdienst-Lieder<br \/>\nschmettern \u2013 das war f\u00fcr manch eine der erste emotionale H\u00f6hepunkt des Tages. Schwungvoll<br \/>\nunterst\u00fctzt von der Schulband \u201eSpring\u201c unter Leitung von Schulleiter Christian Sieber sangen die<br \/>\nSch\u00fclerinnen \u201eJesus Christ, you are my life\u201c, w\u00e4hrend Tr\u00e4nen \u00fcber so manche Wange kullerten.<br \/>\nMindestens ebenso emotional wurde es beim feierlichen Einmarsch der Absolventinnen. Beobachtet<br \/>\nvon zahlreichen G\u00e4sten und fast ebenso vielen Handykameras nahmen die Sch\u00fclerinnen ein letztes<br \/>\nMal als Klasse Platz. Die Abschlussreden, gehalten von den Klassensprecherinnen der 10Ra, Mia<br \/>\nGlascoe und Maria M\u00fcller, sowie der 10Rb, Nele Anzallo und Gloria Altmaier, erinnerten an H\u00f6hen<br \/>\nund Tiefen der gemeinsamen schulischen Reise. Sp\u00e4testens beim Betrachten der Klassenvideos<br \/>\nkullerten erneut die Tr\u00e4nen.<br \/>\nFestlich gestaltet wurde die Feier durch Beitr\u00e4ge der Orchester-AG und des Mittelstufen-Chores<br \/>\nunter Leitung von Andrea Liese. Besonderen Anlass zum Feiern boten die Leistungen der<br \/>\nPreistr\u00e4gerinnen, die mit herzlichen Worten geehrt wurden. Mit dem Franziskus-Preis wurde Mia<br \/>\nGlascoe (10Ra) f\u00fcr ihr Engagement als Klassensprecherin, in der Schul-SV und auf Stadt- und<br \/>\nLandesebene ausgezeichnet. Die \u201eSeele\u201c der 10Rb, Nele Anzallo, erhielt den Preis des Ministers f\u00fcr<br \/>\nihren hervorragenden Einsatz in der Schule. Neben ihrem Amt als Klassensprecherin engagierte sie<br \/>\nsich auch bei den Schulsanit\u00e4terinnen. \u201eIhr hinterlasst eine gro\u00dfe L\u00fccke\u201c, erkl\u00e4rte Claudia Herzog,<br \/>\ndie Leiterin des Schulsanit\u00e4tsdienstes am SFGRS, wehm\u00fctig, die mit Lena Daum, Finya Wilde,<br \/>\nSophie Krob und Josephine Frank vier weitere AG-Mitglieder ziehen lassen muss.<br \/>\nDie besten Zeugnisse des Jahrgangs haben Emma Jung, Mila Th\u00fcrauf, Mia Glascoe und Blia Mayer<br \/>\nerhalten. F\u00fcr besondere fachliche Leistungen ausgezeichnet wurden Blia Mayer (Sprachen), Mila<br \/>\nTh\u00fcrauf (Mint), Josephine Frank (Gesellschaftswissenschaften), Lava Ibrahim (Chemie) und Lene<br \/>\nKraft (Religion).<br \/>\nMit einem stimmungsvollen Sektempfang im Pfarrgarten, organisiert von den Neuntkl\u00e4sslerinnen<br \/>\nder St.-Franziskus-Realschule mit ihren Klassenleitungen, nahmen die Absolventinnen gemeinsam<br \/>\nmit Freunden, Eltern und Kollegium Abschied von ihrer bisherigen schulischen Heimat.<\/p>\n<p><em>Text: S. Seither; Photos: S. Seither, M. Keller<\/em><\/p>\n<\/div><\/div><\/div><\/div><\/div>\n","protected":false},"excerpt":{"rendered":"","protected":false},"author":14,"featured_media":12620,"comment_status":"open","ping_status":"open","sticky":false,"template":"","format":"standard","meta":{"footnotes":""},"categories":[1],"tags":[],"class_list":["post-12627","post","type-post","status-publish","format-standard","has-post-thumbnail","hentry","category-allgemein"],"_links":{"self":[{"href":"https:\/\/sfgrs.de\/wordpress\/index.php\/wp-json\/wp\/v2\/posts\/12627","targetHints":{"allow":["GET"]}}],"collection":[{"href":"https:\/\/sfgrs.de\/wordpress\/index.php\/wp-json\/wp\/v2\/posts"}],"about":[{"href":"https:\/\/sfgrs.de\/wordpress\/index.php\/wp-json\/wp\/v2\/types\/post"}],"author":[{"embeddable":true,"href":"https:\/\/sfgrs.de\/wordpress\/index.php\/wp-json\/wp\/v2\/users\/14"}],"replies":[{"embeddable":true,"href":"https:\/\/sfgrs.de\/wordpress\/index.php\/wp-json\/wp\/v2\/comments?post=12627"}],"version-history":[{"count":1,"href":"https:\/\/sfgrs.de\/wordpress\/index.php\/wp-json\/wp\/v2\/posts\/12627\/revisions"}],"predecessor-version":[{"id":12628,"href":"https:\/\/sfgrs.de\/wordpress\/index.php\/wp-json\/wp\/v2\/posts\/12627\/revisions\/12628"}],"wp:featuredmedia":[{"embeddable":true,"href":"https:\/\/sfgrs.de\/wordpress\/index.php\/wp-json\/wp\/v2\/media\/12620"}],"wp:attachment":[{"href":"https:\/\/sfgrs.de\/wordpress\/index.php\/wp-json\/wp\/v2\/media?parent=12627"}],"wp:term":[{"taxonomy":"category","embeddable":true,"href":"https:\/\/sfgrs.de\/wordpress\/index.php\/wp-json\/wp\/v2\/categories?post=12627"},{"taxonomy":"post_tag","embeddable":true,"href":"https:\/\/sfgrs.de\/wordpress\/index.php\/wp-json\/wp\/v2\/tags?post=12627"}],"curies":[{"name":"wp","href":"https:\/\/api.w.org\/{rel}","templated":true}]}}