{"id":12648,"date":"2025-07-02T19:16:47","date_gmt":"2025-07-02T17:16:47","guid":{"rendered":"https:\/\/sfgrs.de\/wordpress\/?p=12648"},"modified":"2025-07-02T19:18:18","modified_gmt":"2025-07-02T17:18:18","slug":"einmal-um-die-ganze-welt-schulfest-am-st-franziskus","status":"publish","type":"post","link":"https:\/\/sfgrs.de\/wordpress\/index.php\/2025\/07\/02\/einmal-um-die-ganze-welt-schulfest-am-st-franziskus\/","title":{"rendered":"Einmal um die ganze Welt  &#8211; Schulfest am St. Franziskus"},"content":{"rendered":"<div class=\"fusion-fullwidth fullwidth-box fusion-builder-row-1 fusion-flex-container has-pattern-background has-mask-background nonhundred-percent-fullwidth non-hundred-percent-height-scrolling\" style=\"--awb-border-radius-top-left:0px;--awb-border-radius-top-right:0px;--awb-border-radius-bottom-right:0px;--awb-border-radius-bottom-left:0px;--awb-flex-wrap:wrap;\" ><div class=\"fusion-builder-row fusion-row fusion-flex-align-items-flex-start fusion-flex-content-wrap\" style=\"max-width:1456px;margin-left: calc(-4% \/ 2 );margin-right: calc(-4% \/ 2 );\"><div class=\"fusion-layout-column fusion_builder_column fusion-builder-column-0 fusion_builder_column_1_2 1_2 fusion-flex-column\" style=\"--awb-bg-size:cover;--awb-width-large:50%;--awb-margin-top-large:0px;--awb-spacing-right-large:3.84%;--awb-margin-bottom-large:20px;--awb-spacing-left-large:3.84%;--awb-width-medium:100%;--awb-order-medium:0;--awb-spacing-right-medium:1.92%;--awb-spacing-left-medium:1.92%;--awb-width-small:100%;--awb-order-small:0;--awb-spacing-right-small:1.92%;--awb-spacing-left-small:1.92%;\"><div class=\"fusion-column-wrapper fusion-column-has-shadow fusion-flex-justify-content-flex-start fusion-content-layout-column\"><div class=\"fusion-image-carousel fusion-image-carousel-auto fusion-image-carousel-1 fusion-carousel-border\"><div class=\"awb-carousel awb-swiper awb-swiper-carousel\" data-autoplay=\"yes\" data-columns=\"1\" data-itemmargin=\"1\" data-itemwidth=\"180\" data-touchscroll=\"no\" data-imagesize=\"auto\" style=\"--awb-columns:1;--awb-column-spacing:1px;\"><div class=\"swiper-wrapper awb-image-carousel-wrapper fusion-flex-align-items-center\"><div class=\"swiper-slide\"><div class=\"fusion-carousel-item-wrapper\"><div class=\"fusion-image-wrapper hover-type-none\"><img decoding=\"async\" width=\"1152\" height=\"768\" src=\"https:\/\/sfgrs.de\/wordpress\/wp-content\/uploads\/2025\/07\/Schulfest-2025-H.png\" class=\"attachment-full size-full\" alt=\"\" srcset=\"https:\/\/sfgrs.de\/wordpress\/wp-content\/uploads\/2025\/07\/Schulfest-2025-H-200x133.png 200w, https:\/\/sfgrs.de\/wordpress\/wp-content\/uploads\/2025\/07\/Schulfest-2025-H-300x200.png 300w, https:\/\/sfgrs.de\/wordpress\/wp-content\/uploads\/2025\/07\/Schulfest-2025-H-400x267.png 400w, https:\/\/sfgrs.de\/wordpress\/wp-content\/uploads\/2025\/07\/Schulfest-2025-H-600x400.png 600w, https:\/\/sfgrs.de\/wordpress\/wp-content\/uploads\/2025\/07\/Schulfest-2025-H-768x512.png 768w, https:\/\/sfgrs.de\/wordpress\/wp-content\/uploads\/2025\/07\/Schulfest-2025-H-800x533.png 800w, https:\/\/sfgrs.de\/wordpress\/wp-content\/uploads\/2025\/07\/Schulfest-2025-H-1024x683.png 1024w, https:\/\/sfgrs.de\/wordpress\/wp-content\/uploads\/2025\/07\/Schulfest-2025-H.png 1152w\" sizes=\"(max-width: 1152px) 100vw, 1152px\" \/><\/div><\/div><\/div><div class=\"swiper-slide\"><div class=\"fusion-carousel-item-wrapper\"><div class=\"fusion-image-wrapper hover-type-none\"><img decoding=\"async\" width=\"1152\" height=\"768\" src=\"https:\/\/sfgrs.de\/wordpress\/wp-content\/uploads\/2025\/07\/Schulfest-2025-G.png\" class=\"attachment-full size-full\" alt=\"\" srcset=\"https:\/\/sfgrs.de\/wordpress\/wp-content\/uploads\/2025\/07\/Schulfest-2025-G-200x133.png 200w, https:\/\/sfgrs.de\/wordpress\/wp-content\/uploads\/2025\/07\/Schulfest-2025-G-300x200.png 300w, https:\/\/sfgrs.de\/wordpress\/wp-content\/uploads\/2025\/07\/Schulfest-2025-G-400x267.png 400w, https:\/\/sfgrs.de\/wordpress\/wp-content\/uploads\/2025\/07\/Schulfest-2025-G-600x400.png 600w, https:\/\/sfgrs.de\/wordpress\/wp-content\/uploads\/2025\/07\/Schulfest-2025-G-768x512.png 768w, https:\/\/sfgrs.de\/wordpress\/wp-content\/uploads\/2025\/07\/Schulfest-2025-G-800x533.png 800w, https:\/\/sfgrs.de\/wordpress\/wp-content\/uploads\/2025\/07\/Schulfest-2025-G-1024x683.png 1024w, https:\/\/sfgrs.de\/wordpress\/wp-content\/uploads\/2025\/07\/Schulfest-2025-G.png 1152w\" sizes=\"(max-width: 1152px) 100vw, 1152px\" \/><\/div><\/div><\/div><div class=\"swiper-slide\"><div class=\"fusion-carousel-item-wrapper\"><div class=\"fusion-image-wrapper hover-type-none\"><img decoding=\"async\" width=\"1152\" height=\"768\" src=\"https:\/\/sfgrs.de\/wordpress\/wp-content\/uploads\/2025\/07\/Schulfest-2025-F.png\" class=\"attachment-full size-full\" alt=\"\" srcset=\"https:\/\/sfgrs.de\/wordpress\/wp-content\/uploads\/2025\/07\/Schulfest-2025-F-200x133.png 200w, https:\/\/sfgrs.de\/wordpress\/wp-content\/uploads\/2025\/07\/Schulfest-2025-F-300x200.png 300w, https:\/\/sfgrs.de\/wordpress\/wp-content\/uploads\/2025\/07\/Schulfest-2025-F-400x267.png 400w, https:\/\/sfgrs.de\/wordpress\/wp-content\/uploads\/2025\/07\/Schulfest-2025-F-600x400.png 600w, https:\/\/sfgrs.de\/wordpress\/wp-content\/uploads\/2025\/07\/Schulfest-2025-F-768x512.png 768w, https:\/\/sfgrs.de\/wordpress\/wp-content\/uploads\/2025\/07\/Schulfest-2025-F-800x533.png 800w, https:\/\/sfgrs.de\/wordpress\/wp-content\/uploads\/2025\/07\/Schulfest-2025-F-1024x683.png 1024w, https:\/\/sfgrs.de\/wordpress\/wp-content\/uploads\/2025\/07\/Schulfest-2025-F.png 1152w\" sizes=\"(max-width: 1152px) 100vw, 1152px\" \/><\/div><\/div><\/div><div class=\"swiper-slide\"><div class=\"fusion-carousel-item-wrapper\"><div class=\"fusion-image-wrapper hover-type-none\"><img decoding=\"async\" width=\"1152\" height=\"768\" src=\"https:\/\/sfgrs.de\/wordpress\/wp-content\/uploads\/2025\/07\/Schulfest-2025-C.png\" class=\"attachment-full size-full\" alt=\"\" srcset=\"https:\/\/sfgrs.de\/wordpress\/wp-content\/uploads\/2025\/07\/Schulfest-2025-C-200x133.png 200w, https:\/\/sfgrs.de\/wordpress\/wp-content\/uploads\/2025\/07\/Schulfest-2025-C-300x200.png 300w, https:\/\/sfgrs.de\/wordpress\/wp-content\/uploads\/2025\/07\/Schulfest-2025-C-400x267.png 400w, https:\/\/sfgrs.de\/wordpress\/wp-content\/uploads\/2025\/07\/Schulfest-2025-C-600x400.png 600w, https:\/\/sfgrs.de\/wordpress\/wp-content\/uploads\/2025\/07\/Schulfest-2025-C-768x512.png 768w, https:\/\/sfgrs.de\/wordpress\/wp-content\/uploads\/2025\/07\/Schulfest-2025-C-800x533.png 800w, https:\/\/sfgrs.de\/wordpress\/wp-content\/uploads\/2025\/07\/Schulfest-2025-C-1024x683.png 1024w, https:\/\/sfgrs.de\/wordpress\/wp-content\/uploads\/2025\/07\/Schulfest-2025-C.png 1152w\" sizes=\"(max-width: 1152px) 100vw, 1152px\" \/><\/div><\/div><\/div><div class=\"swiper-slide\"><div class=\"fusion-carousel-item-wrapper\"><div class=\"fusion-image-wrapper hover-type-none\"><img decoding=\"async\" width=\"1152\" height=\"768\" src=\"https:\/\/sfgrs.de\/wordpress\/wp-content\/uploads\/2025\/07\/Schulfest-2025-E.png\" class=\"attachment-full size-full\" alt=\"\" srcset=\"https:\/\/sfgrs.de\/wordpress\/wp-content\/uploads\/2025\/07\/Schulfest-2025-E-200x133.png 200w, https:\/\/sfgrs.de\/wordpress\/wp-content\/uploads\/2025\/07\/Schulfest-2025-E-300x200.png 300w, https:\/\/sfgrs.de\/wordpress\/wp-content\/uploads\/2025\/07\/Schulfest-2025-E-400x267.png 400w, https:\/\/sfgrs.de\/wordpress\/wp-content\/uploads\/2025\/07\/Schulfest-2025-E-600x400.png 600w, https:\/\/sfgrs.de\/wordpress\/wp-content\/uploads\/2025\/07\/Schulfest-2025-E-768x512.png 768w, https:\/\/sfgrs.de\/wordpress\/wp-content\/uploads\/2025\/07\/Schulfest-2025-E-800x533.png 800w, https:\/\/sfgrs.de\/wordpress\/wp-content\/uploads\/2025\/07\/Schulfest-2025-E-1024x683.png 1024w, https:\/\/sfgrs.de\/wordpress\/wp-content\/uploads\/2025\/07\/Schulfest-2025-E.png 1152w\" sizes=\"(max-width: 1152px) 100vw, 1152px\" \/><\/div><\/div><\/div><div class=\"swiper-slide\"><div class=\"fusion-carousel-item-wrapper\"><div class=\"fusion-image-wrapper hover-type-none\"><img decoding=\"async\" width=\"1152\" height=\"768\" src=\"https:\/\/sfgrs.de\/wordpress\/wp-content\/uploads\/2025\/07\/Schulfest-2025-B.png\" class=\"attachment-full size-full\" alt=\"\" srcset=\"https:\/\/sfgrs.de\/wordpress\/wp-content\/uploads\/2025\/07\/Schulfest-2025-B-200x133.png 200w, https:\/\/sfgrs.de\/wordpress\/wp-content\/uploads\/2025\/07\/Schulfest-2025-B-300x200.png 300w, https:\/\/sfgrs.de\/wordpress\/wp-content\/uploads\/2025\/07\/Schulfest-2025-B-400x267.png 400w, https:\/\/sfgrs.de\/wordpress\/wp-content\/uploads\/2025\/07\/Schulfest-2025-B-600x400.png 600w, https:\/\/sfgrs.de\/wordpress\/wp-content\/uploads\/2025\/07\/Schulfest-2025-B-768x512.png 768w, https:\/\/sfgrs.de\/wordpress\/wp-content\/uploads\/2025\/07\/Schulfest-2025-B-800x533.png 800w, https:\/\/sfgrs.de\/wordpress\/wp-content\/uploads\/2025\/07\/Schulfest-2025-B-1024x683.png 1024w, https:\/\/sfgrs.de\/wordpress\/wp-content\/uploads\/2025\/07\/Schulfest-2025-B.png 1152w\" sizes=\"(max-width: 1152px) 100vw, 1152px\" \/><\/div><\/div><\/div><div class=\"swiper-slide\"><div class=\"fusion-carousel-item-wrapper\"><div class=\"fusion-image-wrapper hover-type-none\"><img decoding=\"async\" width=\"1152\" height=\"768\" src=\"https:\/\/sfgrs.de\/wordpress\/wp-content\/uploads\/2025\/07\/Schulfest-2025-A.png\" class=\"attachment-full size-full\" alt=\"\" srcset=\"https:\/\/sfgrs.de\/wordpress\/wp-content\/uploads\/2025\/07\/Schulfest-2025-A-200x133.png 200w, https:\/\/sfgrs.de\/wordpress\/wp-content\/uploads\/2025\/07\/Schulfest-2025-A-300x200.png 300w, https:\/\/sfgrs.de\/wordpress\/wp-content\/uploads\/2025\/07\/Schulfest-2025-A-400x267.png 400w, https:\/\/sfgrs.de\/wordpress\/wp-content\/uploads\/2025\/07\/Schulfest-2025-A-600x400.png 600w, https:\/\/sfgrs.de\/wordpress\/wp-content\/uploads\/2025\/07\/Schulfest-2025-A-768x512.png 768w, https:\/\/sfgrs.de\/wordpress\/wp-content\/uploads\/2025\/07\/Schulfest-2025-A-800x533.png 800w, https:\/\/sfgrs.de\/wordpress\/wp-content\/uploads\/2025\/07\/Schulfest-2025-A-1024x683.png 1024w, https:\/\/sfgrs.de\/wordpress\/wp-content\/uploads\/2025\/07\/Schulfest-2025-A.png 1152w\" sizes=\"(max-width: 1152px) 100vw, 1152px\" \/><\/div><\/div><\/div><div class=\"swiper-slide\"><div class=\"fusion-carousel-item-wrapper\"><div class=\"fusion-image-wrapper hover-type-none\"><img decoding=\"async\" width=\"1152\" height=\"768\" src=\"https:\/\/sfgrs.de\/wordpress\/wp-content\/uploads\/2025\/07\/Schulfest-2025-D.png\" class=\"attachment-full size-full\" alt=\"\" srcset=\"https:\/\/sfgrs.de\/wordpress\/wp-content\/uploads\/2025\/07\/Schulfest-2025-D-200x133.png 200w, https:\/\/sfgrs.de\/wordpress\/wp-content\/uploads\/2025\/07\/Schulfest-2025-D-300x200.png 300w, https:\/\/sfgrs.de\/wordpress\/wp-content\/uploads\/2025\/07\/Schulfest-2025-D-400x267.png 400w, https:\/\/sfgrs.de\/wordpress\/wp-content\/uploads\/2025\/07\/Schulfest-2025-D-600x400.png 600w, https:\/\/sfgrs.de\/wordpress\/wp-content\/uploads\/2025\/07\/Schulfest-2025-D-768x512.png 768w, https:\/\/sfgrs.de\/wordpress\/wp-content\/uploads\/2025\/07\/Schulfest-2025-D-800x533.png 800w, https:\/\/sfgrs.de\/wordpress\/wp-content\/uploads\/2025\/07\/Schulfest-2025-D-1024x683.png 1024w, https:\/\/sfgrs.de\/wordpress\/wp-content\/uploads\/2025\/07\/Schulfest-2025-D.png 1152w\" sizes=\"(max-width: 1152px) 100vw, 1152px\" \/><\/div><\/div><\/div><\/div><\/div><\/div><\/div><\/div><div class=\"fusion-layout-column fusion_builder_column fusion-builder-column-1 fusion_builder_column_1_2 1_2 fusion-flex-column\" style=\"--awb-bg-size:cover;--awb-width-large:50%;--awb-margin-top-large:0px;--awb-spacing-right-large:3.84%;--awb-margin-bottom-large:20px;--awb-spacing-left-large:3.84%;--awb-width-medium:100%;--awb-order-medium:0;--awb-spacing-right-medium:1.92%;--awb-spacing-left-medium:1.92%;--awb-width-small:100%;--awb-order-small:0;--awb-spacing-right-small:1.92%;--awb-spacing-left-small:1.92%;\"><div class=\"fusion-column-wrapper fusion-column-has-shadow fusion-flex-justify-content-flex-start fusion-content-layout-column\"><div class=\"fusion-text fusion-text-1\"><div>Einmal rund um die Welt reisen \u2013 und das an einem Nachmittag! Diese Erfahrung konnten die Besucher des gro\u00dfen Sommerfestes der Schulgemeinschaft der St.-Franziskus-Schulen in Kaiserslautern machen.<\/div>\n<div>Bereits beim Betreten des Schulgel\u00e4ndes konnten sich die Reiselustigen bei der 7Ra mit Proviant eindecken und dann mit einem eigens entworfenen Reisepass ihre Reise durch die f\u00fcnf Kontinente antreten. Was gibt es da nicht alles zu entdecken! Die 6b begeisterte mit schwungvollem Line-Dance, die Rope-Skipping-AG trotzte der Hitze und zeigte mit ihrer AG-Leiterin Anika Zoermer, was mit einem einfachen Springseil so alles m\u00f6glich ist. \u201eDie wilden H\u00fchner\u201c der Theater-AG konnte man in der alten Turnhalle besuchen. Und wem bereits nach diesen wenigen Stationen der Magen knurrte, der hatte die Qual der Wahl: Flammkuchen beim Elternbeirat? Grillw\u00fcrstchen am Lehrerstand? Oder doch in die neue Turnhalle, wo die M\u00e4dchen der Oberstufe mit einem vielf\u00e4ltigen kulinarischen Programm (S\u00fcd-)Amerika und Frankreich vereinten.<\/div>\n<div>Doch schnell weiter \u2013 aus dem D-Bau drangen Musikfetzen und verrieten den Reisenden, dass hier die Orchester-AG unter Leitung von Andrea Liese an ihrem aktuellen Programm feilt. Musikalisch ging es auch in der Franziskus-Halle zu, wo Kollegen und Sch\u00fclerinnen als \u201eSFGRS-Jazzband\u201c die Besucher unterhielten. Im Schulhaus konnte man von der Arktis bis nach Australien reisen und unterwegs basteln, malen, flechten und kreative Fotos schie\u00dfen. Fantasievolle, selbstgebastelte Dekorationen versetzten die Reisenden schlagartig von Island in die W\u00fcste und vom japanischen Garten in den Dschungel. Da war es nicht schwer, die Eintr\u00e4ge im \u201eReisepass\u201c zu sammeln, um zum Abschluss des Rundgangs noch eine kleine S\u00fc\u00dfigkeit mitnehmen zu d\u00fcrfen.<\/div>\n<div><\/div>\n<div><em>Text: S. Seither; Photos: A. Zoermer<\/em><\/div>\n<\/div><\/div><\/div><\/div><\/div>\n","protected":false},"excerpt":{"rendered":"","protected":false},"author":14,"featured_media":12645,"comment_status":"open","ping_status":"open","sticky":false,"template":"","format":"standard","meta":{"footnotes":""},"categories":[1],"tags":[],"class_list":["post-12648","post","type-post","status-publish","format-standard","has-post-thumbnail","hentry","category-allgemein"],"_links":{"self":[{"href":"https:\/\/sfgrs.de\/wordpress\/index.php\/wp-json\/wp\/v2\/posts\/12648","targetHints":{"allow":["GET"]}}],"collection":[{"href":"https:\/\/sfgrs.de\/wordpress\/index.php\/wp-json\/wp\/v2\/posts"}],"about":[{"href":"https:\/\/sfgrs.de\/wordpress\/index.php\/wp-json\/wp\/v2\/types\/post"}],"author":[{"embeddable":true,"href":"https:\/\/sfgrs.de\/wordpress\/index.php\/wp-json\/wp\/v2\/users\/14"}],"replies":[{"embeddable":true,"href":"https:\/\/sfgrs.de\/wordpress\/index.php\/wp-json\/wp\/v2\/comments?post=12648"}],"version-history":[{"count":2,"href":"https:\/\/sfgrs.de\/wordpress\/index.php\/wp-json\/wp\/v2\/posts\/12648\/revisions"}],"predecessor-version":[{"id":12650,"href":"https:\/\/sfgrs.de\/wordpress\/index.php\/wp-json\/wp\/v2\/posts\/12648\/revisions\/12650"}],"wp:featuredmedia":[{"embeddable":true,"href":"https:\/\/sfgrs.de\/wordpress\/index.php\/wp-json\/wp\/v2\/media\/12645"}],"wp:attachment":[{"href":"https:\/\/sfgrs.de\/wordpress\/index.php\/wp-json\/wp\/v2\/media?parent=12648"}],"wp:term":[{"taxonomy":"category","embeddable":true,"href":"https:\/\/sfgrs.de\/wordpress\/index.php\/wp-json\/wp\/v2\/categories?post=12648"},{"taxonomy":"post_tag","embeddable":true,"href":"https:\/\/sfgrs.de\/wordpress\/index.php\/wp-json\/wp\/v2\/tags?post=12648"}],"curies":[{"name":"wp","href":"https:\/\/api.w.org\/{rel}","templated":true}]}}