{"id":12688,"date":"2025-08-24T11:24:50","date_gmt":"2025-08-24T09:24:50","guid":{"rendered":"https:\/\/sfgrs.de\/wordpress\/?p=12688"},"modified":"2025-08-24T11:24:50","modified_gmt":"2025-08-24T09:24:50","slug":"rheinland-pfalz-so-echt-so-genial","status":"publish","type":"post","link":"https:\/\/sfgrs.de\/wordpress\/index.php\/2025\/08\/24\/rheinland-pfalz-so-echt-so-genial\/","title":{"rendered":"Rheinland-Pfalz &#8211; so echt, so genial!"},"content":{"rendered":"<div class=\"fusion-fullwidth fullwidth-box fusion-builder-row-1 fusion-flex-container has-pattern-background has-mask-background nonhundred-percent-fullwidth non-hundred-percent-height-scrolling\" style=\"--awb-border-radius-top-left:0px;--awb-border-radius-top-right:0px;--awb-border-radius-bottom-right:0px;--awb-border-radius-bottom-left:0px;--awb-flex-wrap:wrap;\" ><div class=\"fusion-builder-row fusion-row fusion-flex-align-items-flex-start fusion-flex-content-wrap\" style=\"max-width:1456px;margin-left: calc(-4% \/ 2 );margin-right: calc(-4% \/ 2 );\"><div class=\"fusion-layout-column fusion_builder_column fusion-builder-column-0 fusion_builder_column_1_2 1_2 fusion-flex-column\" style=\"--awb-bg-size:cover;--awb-width-large:50%;--awb-margin-top-large:0px;--awb-spacing-right-large:3.84%;--awb-margin-bottom-large:20px;--awb-spacing-left-large:3.84%;--awb-width-medium:100%;--awb-order-medium:0;--awb-spacing-right-medium:1.92%;--awb-spacing-left-medium:1.92%;--awb-width-small:100%;--awb-order-small:0;--awb-spacing-right-small:1.92%;--awb-spacing-left-small:1.92%;\"><div class=\"fusion-column-wrapper fusion-column-has-shadow fusion-flex-justify-content-flex-start fusion-content-layout-column\"><div class=\"fusion-image-carousel fusion-image-carousel-auto fusion-image-carousel-1 fusion-carousel-border\"><div class=\"awb-carousel awb-swiper awb-swiper-carousel\" data-autoplay=\"yes\" data-columns=\"1\" data-itemmargin=\"0\" data-itemwidth=\"180\" data-touchscroll=\"no\" data-imagesize=\"auto\" style=\"--awb-columns:1;--awb-column-spacing:0px;\"><div class=\"swiper-wrapper awb-image-carousel-wrapper fusion-flex-align-items-center\"><div class=\"swiper-slide\"><div class=\"fusion-carousel-item-wrapper\"><div class=\"fusion-image-wrapper hover-type-none\"><img decoding=\"async\" width=\"828\" height=\"552\" src=\"https:\/\/sfgrs.de\/wordpress\/wp-content\/uploads\/2025\/08\/Vielfalt-2.png\" class=\"attachment-full size-full\" alt=\"\" srcset=\"https:\/\/sfgrs.de\/wordpress\/wp-content\/uploads\/2025\/08\/Vielfalt-2-200x133.png 200w, https:\/\/sfgrs.de\/wordpress\/wp-content\/uploads\/2025\/08\/Vielfalt-2-300x200.png 300w, https:\/\/sfgrs.de\/wordpress\/wp-content\/uploads\/2025\/08\/Vielfalt-2-400x267.png 400w, https:\/\/sfgrs.de\/wordpress\/wp-content\/uploads\/2025\/08\/Vielfalt-2-600x400.png 600w, https:\/\/sfgrs.de\/wordpress\/wp-content\/uploads\/2025\/08\/Vielfalt-2-768x512.png 768w, https:\/\/sfgrs.de\/wordpress\/wp-content\/uploads\/2025\/08\/Vielfalt-2-800x533.png 800w, https:\/\/sfgrs.de\/wordpress\/wp-content\/uploads\/2025\/08\/Vielfalt-2.png 828w\" sizes=\"(max-width: 828px) 100vw, 828px\" \/><\/div><\/div><\/div><div class=\"swiper-slide\"><div class=\"fusion-carousel-item-wrapper\"><div class=\"fusion-image-wrapper hover-type-none\"><img decoding=\"async\" width=\"834\" height=\"556\" src=\"https:\/\/sfgrs.de\/wordpress\/wp-content\/uploads\/2025\/08\/vielfalt-1.png\" class=\"attachment-full size-full\" alt=\"\" srcset=\"https:\/\/sfgrs.de\/wordpress\/wp-content\/uploads\/2025\/08\/vielfalt-1-200x133.png 200w, https:\/\/sfgrs.de\/wordpress\/wp-content\/uploads\/2025\/08\/vielfalt-1-300x200.png 300w, https:\/\/sfgrs.de\/wordpress\/wp-content\/uploads\/2025\/08\/vielfalt-1-400x267.png 400w, https:\/\/sfgrs.de\/wordpress\/wp-content\/uploads\/2025\/08\/vielfalt-1-600x400.png 600w, https:\/\/sfgrs.de\/wordpress\/wp-content\/uploads\/2025\/08\/vielfalt-1-768x512.png 768w, https:\/\/sfgrs.de\/wordpress\/wp-content\/uploads\/2025\/08\/vielfalt-1-800x533.png 800w, https:\/\/sfgrs.de\/wordpress\/wp-content\/uploads\/2025\/08\/vielfalt-1.png 834w\" sizes=\"(max-width: 834px) 100vw, 834px\" \/><\/div><\/div><\/div><\/div><\/div><\/div><\/div><\/div><div class=\"fusion-layout-column fusion_builder_column fusion-builder-column-1 fusion_builder_column_1_2 1_2 fusion-flex-column\" style=\"--awb-bg-size:cover;--awb-width-large:50%;--awb-margin-top-large:0px;--awb-spacing-right-large:3.84%;--awb-margin-bottom-large:20px;--awb-spacing-left-large:3.84%;--awb-width-medium:100%;--awb-order-medium:0;--awb-spacing-right-medium:1.92%;--awb-spacing-left-medium:1.92%;--awb-width-small:100%;--awb-order-small:0;--awb-spacing-right-small:1.92%;--awb-spacing-left-small:1.92%;\"><div class=\"fusion-column-wrapper fusion-column-has-shadow fusion-flex-justify-content-flex-start fusion-content-layout-column\"><div class=\"fusion-text fusion-text-1\"><p>Im Rahmen des diesj\u00e4hrigen Rheinland-Pfalz-Tages in Neustadt an der Weinstra\u00dfe wurde auch ein Wettbewerb des rheinland-pf\u00e4lzischen Bildungsministeriums mit dem Titel \u201eIn Vielfalt geeint &#8211; Zusammen sind wir Rheinland-Pfalz\u201c ausgerufen. Der Zeitpunkt des Aufrufes zu diesem Wettbewerb war zuf\u00e4lligerweise sehr passend zu unserem Unterrichtsthema im 11er Deutsch Leistungskurs, n\u00e4mlich \u201eDialekte und sprachliche Vielfalt\u201c.<\/p>\n<p>In Kleingruppen widmeten wir uns in unterschiedlicher Art und Weise dem Wettbewerbsthema.<\/p>\n<p>Wir, Leni J. und Anna Z, entwickelten schnell die Idee etwas Besonderes zum Wettbewerb beizutragen: einen Song \u00fcber Rheinland-Pfalz! Kurzentschlossen suchten wir einen passenden Beat und verfassten einen Text, der dem Thema Vielfalt in Rheinland-Pfalz gerecht wurde. Nach intensiver Arbeit an Text und Gesang hielten wir schlie\u00dflich ein erstes Ergebnis in den H\u00e4nden. Stolz pr\u00e4sentierten wir es einigen unserer Fachlehrkr\u00e4ften und nahmen ihre Verbesserungsvorschl\u00e4ge dankend an. Da wir beide insbesondere den 1. FC Kaiserslautern mit unserer Heimat verbinden, war f\u00fcr uns klar, dass auch unserem Verein eine eigene Zeile gewidmet werden muss. Der fertige Song stand dann schon bald fest und war bereit f\u00fcr die Einreichung zum Wettbewerb.<\/p>\n<p>Wir, Hannah K., Stella E. und Laura S., entschieden uns f\u00fcr das Thema \u201eKulinarische Vielfalt in Rheinland-Pfalz\u201c. Unser Plan war es, typische Gerichte aus verschiedenen Regionen von Rheinland-Pfalz auf lustige Weise darzustellen. Wir animierten einen kleinen Strichmenschen, welcher einer Familie aus weiteren Strichmenschen immer wieder dieselbe Frage stellt. \u201eHasch du schun mol [\u2026] probiert?\u201c. Somit hatten wir eine wiederkehrende, lustige Situation mit Wiedererkennungswert. Im Anschluss wurde das jeweilige Gericht eingeblendet.<\/p>\n<p>Voller Stolz informierte uns schlie\u00dflich unsere Deutschlehrerin, Frau Latterner, \u00fcber unsere jeweiligen Platzierungen und Gewinne:<\/p>\n<ol>\n<li>Platz: Song \u201eMein Rheinland-Pfalz so echt, so genial\u201c<\/li>\n<li>Platz: Video \u201eKulinarischen Strichmenschen\u201c<\/li>\n<\/ol>\n<p>Die Sachpreise wurden sehr passend zu unseren jeweils eingereichten Wettbewerbsbeitr\u00e4gen ausgesucht, denn wir erhielten einen Rap-Workshop bzw. einen Gutschein f\u00fcr die Volkshochschule in Kaiserslautern.<\/p>\n<p><em>Leni J., Anna Z., Hannah K. und Laura S. (MSS 11)<\/em><\/p>\n<\/div><\/div><\/div><\/div><\/div>\n","protected":false},"excerpt":{"rendered":"","protected":false},"author":14,"featured_media":12685,"comment_status":"open","ping_status":"open","sticky":false,"template":"","format":"standard","meta":{"footnotes":""},"categories":[1],"tags":[],"class_list":["post-12688","post","type-post","status-publish","format-standard","has-post-thumbnail","hentry","category-allgemein"],"_links":{"self":[{"href":"https:\/\/sfgrs.de\/wordpress\/index.php\/wp-json\/wp\/v2\/posts\/12688","targetHints":{"allow":["GET"]}}],"collection":[{"href":"https:\/\/sfgrs.de\/wordpress\/index.php\/wp-json\/wp\/v2\/posts"}],"about":[{"href":"https:\/\/sfgrs.de\/wordpress\/index.php\/wp-json\/wp\/v2\/types\/post"}],"author":[{"embeddable":true,"href":"https:\/\/sfgrs.de\/wordpress\/index.php\/wp-json\/wp\/v2\/users\/14"}],"replies":[{"embeddable":true,"href":"https:\/\/sfgrs.de\/wordpress\/index.php\/wp-json\/wp\/v2\/comments?post=12688"}],"version-history":[{"count":1,"href":"https:\/\/sfgrs.de\/wordpress\/index.php\/wp-json\/wp\/v2\/posts\/12688\/revisions"}],"predecessor-version":[{"id":12689,"href":"https:\/\/sfgrs.de\/wordpress\/index.php\/wp-json\/wp\/v2\/posts\/12688\/revisions\/12689"}],"wp:featuredmedia":[{"embeddable":true,"href":"https:\/\/sfgrs.de\/wordpress\/index.php\/wp-json\/wp\/v2\/media\/12685"}],"wp:attachment":[{"href":"https:\/\/sfgrs.de\/wordpress\/index.php\/wp-json\/wp\/v2\/media?parent=12688"}],"wp:term":[{"taxonomy":"category","embeddable":true,"href":"https:\/\/sfgrs.de\/wordpress\/index.php\/wp-json\/wp\/v2\/categories?post=12688"},{"taxonomy":"post_tag","embeddable":true,"href":"https:\/\/sfgrs.de\/wordpress\/index.php\/wp-json\/wp\/v2\/tags?post=12688"}],"curies":[{"name":"wp","href":"https:\/\/api.w.org\/{rel}","templated":true}]}}