{"id":12722,"date":"2025-09-07T14:10:14","date_gmt":"2025-09-07T12:10:14","guid":{"rendered":"https:\/\/sfgrs.de\/wordpress\/?p=12722"},"modified":"2025-09-07T14:12:26","modified_gmt":"2025-09-07T12:12:26","slug":"alles-anders-schuljahresanfangskonzert-am-st-franziskus","status":"publish","type":"post","link":"https:\/\/sfgrs.de\/wordpress\/index.php\/2025\/09\/07\/alles-anders-schuljahresanfangskonzert-am-st-franziskus\/","title":{"rendered":"&#8222;Alles anders&#8220; &#8211; Schuljahresanfangskonzert am St. Franziskus"},"content":{"rendered":"<div class=\"fusion-fullwidth fullwidth-box fusion-builder-row-1 fusion-flex-container has-pattern-background has-mask-background nonhundred-percent-fullwidth non-hundred-percent-height-scrolling\" style=\"--awb-border-radius-top-left:0px;--awb-border-radius-top-right:0px;--awb-border-radius-bottom-right:0px;--awb-border-radius-bottom-left:0px;--awb-flex-wrap:wrap;\" ><div class=\"fusion-builder-row fusion-row fusion-flex-align-items-flex-start fusion-flex-content-wrap\" style=\"max-width:1456px;margin-left: calc(-4% \/ 2 );margin-right: calc(-4% \/ 2 );\"><div class=\"fusion-layout-column fusion_builder_column fusion-builder-column-0 fusion_builder_column_1_2 1_2 fusion-flex-column\" style=\"--awb-bg-size:cover;--awb-width-large:50%;--awb-margin-top-large:0px;--awb-spacing-right-large:3.84%;--awb-margin-bottom-large:20px;--awb-spacing-left-large:3.84%;--awb-width-medium:100%;--awb-order-medium:0;--awb-spacing-right-medium:1.92%;--awb-spacing-left-medium:1.92%;--awb-width-small:100%;--awb-order-small:0;--awb-spacing-right-small:1.92%;--awb-spacing-left-small:1.92%;\"><div class=\"fusion-column-wrapper fusion-column-has-shadow fusion-flex-justify-content-flex-start fusion-content-layout-column\"><div class=\"fusion-image-carousel fusion-image-carousel-auto fusion-image-carousel-1\"><div class=\"awb-carousel awb-swiper awb-swiper-carousel\" data-autoplay=\"yes\" data-columns=\"1\" data-itemmargin=\"1\" data-itemwidth=\"180\" data-touchscroll=\"no\" data-imagesize=\"auto\" style=\"--awb-columns:1;--awb-column-spacing:1px;\"><div class=\"swiper-wrapper awb-image-carousel-wrapper fusion-flex-align-items-center\"><div class=\"swiper-slide\"><div class=\"fusion-carousel-item-wrapper\"><div class=\"fusion-image-wrapper hover-type-none\"><img decoding=\"async\" width=\"1280\" height=\"854\" src=\"https:\/\/sfgrs.de\/wordpress\/wp-content\/uploads\/2025\/09\/Sommerkonzert-9-25.png\" class=\"attachment-full size-full\" alt=\"\" srcset=\"https:\/\/sfgrs.de\/wordpress\/wp-content\/uploads\/2025\/09\/Sommerkonzert-9-25-200x133.png 200w, https:\/\/sfgrs.de\/wordpress\/wp-content\/uploads\/2025\/09\/Sommerkonzert-9-25-300x200.png 300w, https:\/\/sfgrs.de\/wordpress\/wp-content\/uploads\/2025\/09\/Sommerkonzert-9-25-400x267.png 400w, https:\/\/sfgrs.de\/wordpress\/wp-content\/uploads\/2025\/09\/Sommerkonzert-9-25-600x400.png 600w, https:\/\/sfgrs.de\/wordpress\/wp-content\/uploads\/2025\/09\/Sommerkonzert-9-25-768x512.png 768w, https:\/\/sfgrs.de\/wordpress\/wp-content\/uploads\/2025\/09\/Sommerkonzert-9-25-800x534.png 800w, https:\/\/sfgrs.de\/wordpress\/wp-content\/uploads\/2025\/09\/Sommerkonzert-9-25-1024x683.png 1024w, https:\/\/sfgrs.de\/wordpress\/wp-content\/uploads\/2025\/09\/Sommerkonzert-9-25-1200x801.png 1200w, https:\/\/sfgrs.de\/wordpress\/wp-content\/uploads\/2025\/09\/Sommerkonzert-9-25.png 1280w\" sizes=\"(max-width: 1280px) 100vw, 1280px\" \/><\/div><\/div><\/div><div class=\"swiper-slide\"><div class=\"fusion-carousel-item-wrapper\"><div class=\"fusion-image-wrapper hover-type-none\"><img decoding=\"async\" width=\"1280\" height=\"854\" src=\"https:\/\/sfgrs.de\/wordpress\/wp-content\/uploads\/2025\/09\/Sommerkonzert-8-25.png\" class=\"attachment-full size-full\" alt=\"\" srcset=\"https:\/\/sfgrs.de\/wordpress\/wp-content\/uploads\/2025\/09\/Sommerkonzert-8-25-200x133.png 200w, https:\/\/sfgrs.de\/wordpress\/wp-content\/uploads\/2025\/09\/Sommerkonzert-8-25-300x200.png 300w, https:\/\/sfgrs.de\/wordpress\/wp-content\/uploads\/2025\/09\/Sommerkonzert-8-25-400x267.png 400w, https:\/\/sfgrs.de\/wordpress\/wp-content\/uploads\/2025\/09\/Sommerkonzert-8-25-600x400.png 600w, https:\/\/sfgrs.de\/wordpress\/wp-content\/uploads\/2025\/09\/Sommerkonzert-8-25-768x512.png 768w, https:\/\/sfgrs.de\/wordpress\/wp-content\/uploads\/2025\/09\/Sommerkonzert-8-25-800x534.png 800w, https:\/\/sfgrs.de\/wordpress\/wp-content\/uploads\/2025\/09\/Sommerkonzert-8-25-1024x683.png 1024w, https:\/\/sfgrs.de\/wordpress\/wp-content\/uploads\/2025\/09\/Sommerkonzert-8-25-1200x801.png 1200w, https:\/\/sfgrs.de\/wordpress\/wp-content\/uploads\/2025\/09\/Sommerkonzert-8-25.png 1280w\" sizes=\"(max-width: 1280px) 100vw, 1280px\" \/><\/div><\/div><\/div><div class=\"swiper-slide\"><div class=\"fusion-carousel-item-wrapper\"><div class=\"fusion-image-wrapper hover-type-none\"><img decoding=\"async\" width=\"1280\" height=\"854\" src=\"https:\/\/sfgrs.de\/wordpress\/wp-content\/uploads\/2025\/09\/Sommerkonzert-6-25.png\" class=\"attachment-full size-full\" alt=\"\" srcset=\"https:\/\/sfgrs.de\/wordpress\/wp-content\/uploads\/2025\/09\/Sommerkonzert-6-25-200x133.png 200w, https:\/\/sfgrs.de\/wordpress\/wp-content\/uploads\/2025\/09\/Sommerkonzert-6-25-300x200.png 300w, https:\/\/sfgrs.de\/wordpress\/wp-content\/uploads\/2025\/09\/Sommerkonzert-6-25-400x267.png 400w, https:\/\/sfgrs.de\/wordpress\/wp-content\/uploads\/2025\/09\/Sommerkonzert-6-25-600x400.png 600w, https:\/\/sfgrs.de\/wordpress\/wp-content\/uploads\/2025\/09\/Sommerkonzert-6-25-768x512.png 768w, https:\/\/sfgrs.de\/wordpress\/wp-content\/uploads\/2025\/09\/Sommerkonzert-6-25-800x534.png 800w, https:\/\/sfgrs.de\/wordpress\/wp-content\/uploads\/2025\/09\/Sommerkonzert-6-25-1024x683.png 1024w, https:\/\/sfgrs.de\/wordpress\/wp-content\/uploads\/2025\/09\/Sommerkonzert-6-25-1200x801.png 1200w, https:\/\/sfgrs.de\/wordpress\/wp-content\/uploads\/2025\/09\/Sommerkonzert-6-25.png 1280w\" sizes=\"(max-width: 1280px) 100vw, 1280px\" \/><\/div><\/div><\/div><div class=\"swiper-slide\"><div class=\"fusion-carousel-item-wrapper\"><div class=\"fusion-image-wrapper hover-type-none\"><img decoding=\"async\" width=\"1280\" height=\"854\" src=\"https:\/\/sfgrs.de\/wordpress\/wp-content\/uploads\/2025\/09\/Sommerkonzert-7-25.png\" class=\"attachment-full size-full\" alt=\"\" srcset=\"https:\/\/sfgrs.de\/wordpress\/wp-content\/uploads\/2025\/09\/Sommerkonzert-7-25-200x133.png 200w, https:\/\/sfgrs.de\/wordpress\/wp-content\/uploads\/2025\/09\/Sommerkonzert-7-25-300x200.png 300w, https:\/\/sfgrs.de\/wordpress\/wp-content\/uploads\/2025\/09\/Sommerkonzert-7-25-400x267.png 400w, https:\/\/sfgrs.de\/wordpress\/wp-content\/uploads\/2025\/09\/Sommerkonzert-7-25-600x400.png 600w, https:\/\/sfgrs.de\/wordpress\/wp-content\/uploads\/2025\/09\/Sommerkonzert-7-25-768x512.png 768w, https:\/\/sfgrs.de\/wordpress\/wp-content\/uploads\/2025\/09\/Sommerkonzert-7-25-800x534.png 800w, https:\/\/sfgrs.de\/wordpress\/wp-content\/uploads\/2025\/09\/Sommerkonzert-7-25-1024x683.png 1024w, https:\/\/sfgrs.de\/wordpress\/wp-content\/uploads\/2025\/09\/Sommerkonzert-7-25-1200x801.png 1200w, https:\/\/sfgrs.de\/wordpress\/wp-content\/uploads\/2025\/09\/Sommerkonzert-7-25.png 1280w\" sizes=\"(max-width: 1280px) 100vw, 1280px\" \/><\/div><\/div><\/div><div class=\"swiper-slide\"><div class=\"fusion-carousel-item-wrapper\"><div class=\"fusion-image-wrapper hover-type-none\"><img decoding=\"async\" width=\"1280\" height=\"854\" src=\"https:\/\/sfgrs.de\/wordpress\/wp-content\/uploads\/2025\/09\/Sommerkonzert-5-25.png\" class=\"attachment-full size-full\" alt=\"\" srcset=\"https:\/\/sfgrs.de\/wordpress\/wp-content\/uploads\/2025\/09\/Sommerkonzert-5-25-200x133.png 200w, https:\/\/sfgrs.de\/wordpress\/wp-content\/uploads\/2025\/09\/Sommerkonzert-5-25-300x200.png 300w, https:\/\/sfgrs.de\/wordpress\/wp-content\/uploads\/2025\/09\/Sommerkonzert-5-25-400x267.png 400w, https:\/\/sfgrs.de\/wordpress\/wp-content\/uploads\/2025\/09\/Sommerkonzert-5-25-600x400.png 600w, https:\/\/sfgrs.de\/wordpress\/wp-content\/uploads\/2025\/09\/Sommerkonzert-5-25-768x512.png 768w, https:\/\/sfgrs.de\/wordpress\/wp-content\/uploads\/2025\/09\/Sommerkonzert-5-25-800x534.png 800w, https:\/\/sfgrs.de\/wordpress\/wp-content\/uploads\/2025\/09\/Sommerkonzert-5-25-1024x683.png 1024w, https:\/\/sfgrs.de\/wordpress\/wp-content\/uploads\/2025\/09\/Sommerkonzert-5-25-1200x801.png 1200w, https:\/\/sfgrs.de\/wordpress\/wp-content\/uploads\/2025\/09\/Sommerkonzert-5-25.png 1280w\" sizes=\"(max-width: 1280px) 100vw, 1280px\" \/><\/div><\/div><\/div><div class=\"swiper-slide\"><div class=\"fusion-carousel-item-wrapper\"><div class=\"fusion-image-wrapper hover-type-none\"><img decoding=\"async\" width=\"1280\" height=\"854\" src=\"https:\/\/sfgrs.de\/wordpress\/wp-content\/uploads\/2025\/09\/Sommerkonzert-4-25.png\" class=\"attachment-full size-full\" alt=\"\" srcset=\"https:\/\/sfgrs.de\/wordpress\/wp-content\/uploads\/2025\/09\/Sommerkonzert-4-25-200x133.png 200w, https:\/\/sfgrs.de\/wordpress\/wp-content\/uploads\/2025\/09\/Sommerkonzert-4-25-300x200.png 300w, https:\/\/sfgrs.de\/wordpress\/wp-content\/uploads\/2025\/09\/Sommerkonzert-4-25-400x267.png 400w, https:\/\/sfgrs.de\/wordpress\/wp-content\/uploads\/2025\/09\/Sommerkonzert-4-25-600x400.png 600w, https:\/\/sfgrs.de\/wordpress\/wp-content\/uploads\/2025\/09\/Sommerkonzert-4-25-768x512.png 768w, https:\/\/sfgrs.de\/wordpress\/wp-content\/uploads\/2025\/09\/Sommerkonzert-4-25-800x534.png 800w, https:\/\/sfgrs.de\/wordpress\/wp-content\/uploads\/2025\/09\/Sommerkonzert-4-25-1024x683.png 1024w, https:\/\/sfgrs.de\/wordpress\/wp-content\/uploads\/2025\/09\/Sommerkonzert-4-25-1200x801.png 1200w, https:\/\/sfgrs.de\/wordpress\/wp-content\/uploads\/2025\/09\/Sommerkonzert-4-25.png 1280w\" sizes=\"(max-width: 1280px) 100vw, 1280px\" \/><\/div><\/div><\/div><div class=\"swiper-slide\"><div class=\"fusion-carousel-item-wrapper\"><div class=\"fusion-image-wrapper hover-type-none\"><img decoding=\"async\" width=\"1276\" height=\"851\" src=\"https:\/\/sfgrs.de\/wordpress\/wp-content\/uploads\/2025\/09\/Sommerkonzert-3-25.png\" class=\"attachment-full size-full\" alt=\"\" srcset=\"https:\/\/sfgrs.de\/wordpress\/wp-content\/uploads\/2025\/09\/Sommerkonzert-3-25-200x133.png 200w, https:\/\/sfgrs.de\/wordpress\/wp-content\/uploads\/2025\/09\/Sommerkonzert-3-25-300x200.png 300w, https:\/\/sfgrs.de\/wordpress\/wp-content\/uploads\/2025\/09\/Sommerkonzert-3-25-400x267.png 400w, https:\/\/sfgrs.de\/wordpress\/wp-content\/uploads\/2025\/09\/Sommerkonzert-3-25-600x400.png 600w, https:\/\/sfgrs.de\/wordpress\/wp-content\/uploads\/2025\/09\/Sommerkonzert-3-25-768x512.png 768w, https:\/\/sfgrs.de\/wordpress\/wp-content\/uploads\/2025\/09\/Sommerkonzert-3-25-800x534.png 800w, https:\/\/sfgrs.de\/wordpress\/wp-content\/uploads\/2025\/09\/Sommerkonzert-3-25-1024x683.png 1024w, https:\/\/sfgrs.de\/wordpress\/wp-content\/uploads\/2025\/09\/Sommerkonzert-3-25-1200x800.png 1200w, https:\/\/sfgrs.de\/wordpress\/wp-content\/uploads\/2025\/09\/Sommerkonzert-3-25.png 1276w\" sizes=\"(max-width: 1276px) 100vw, 1276px\" \/><\/div><\/div><\/div><div class=\"swiper-slide\"><div class=\"fusion-carousel-item-wrapper\"><div class=\"fusion-image-wrapper hover-type-none\"><img decoding=\"async\" width=\"927\" height=\"618\" src=\"https:\/\/sfgrs.de\/wordpress\/wp-content\/uploads\/2025\/09\/Sommerkonzert-2-25.png\" class=\"attachment-full size-full\" alt=\"\" srcset=\"https:\/\/sfgrs.de\/wordpress\/wp-content\/uploads\/2025\/09\/Sommerkonzert-2-25-200x133.png 200w, https:\/\/sfgrs.de\/wordpress\/wp-content\/uploads\/2025\/09\/Sommerkonzert-2-25-300x200.png 300w, https:\/\/sfgrs.de\/wordpress\/wp-content\/uploads\/2025\/09\/Sommerkonzert-2-25-400x267.png 400w, https:\/\/sfgrs.de\/wordpress\/wp-content\/uploads\/2025\/09\/Sommerkonzert-2-25-600x400.png 600w, https:\/\/sfgrs.de\/wordpress\/wp-content\/uploads\/2025\/09\/Sommerkonzert-2-25-768x512.png 768w, https:\/\/sfgrs.de\/wordpress\/wp-content\/uploads\/2025\/09\/Sommerkonzert-2-25-800x533.png 800w, https:\/\/sfgrs.de\/wordpress\/wp-content\/uploads\/2025\/09\/Sommerkonzert-2-25.png 927w\" sizes=\"(max-width: 927px) 100vw, 927px\" \/><\/div><\/div><\/div><div class=\"swiper-slide\"><div class=\"fusion-carousel-item-wrapper\"><div class=\"fusion-image-wrapper hover-type-none\"><img decoding=\"async\" width=\"927\" height=\"618\" src=\"https:\/\/sfgrs.de\/wordpress\/wp-content\/uploads\/2025\/09\/Sommerkonzert-1-25.png\" class=\"attachment-full size-full\" alt=\"\" srcset=\"https:\/\/sfgrs.de\/wordpress\/wp-content\/uploads\/2025\/09\/Sommerkonzert-1-25-200x133.png 200w, https:\/\/sfgrs.de\/wordpress\/wp-content\/uploads\/2025\/09\/Sommerkonzert-1-25-300x200.png 300w, https:\/\/sfgrs.de\/wordpress\/wp-content\/uploads\/2025\/09\/Sommerkonzert-1-25-400x267.png 400w, https:\/\/sfgrs.de\/wordpress\/wp-content\/uploads\/2025\/09\/Sommerkonzert-1-25-600x400.png 600w, https:\/\/sfgrs.de\/wordpress\/wp-content\/uploads\/2025\/09\/Sommerkonzert-1-25-768x512.png 768w, https:\/\/sfgrs.de\/wordpress\/wp-content\/uploads\/2025\/09\/Sommerkonzert-1-25-800x533.png 800w, https:\/\/sfgrs.de\/wordpress\/wp-content\/uploads\/2025\/09\/Sommerkonzert-1-25.png 927w\" sizes=\"(max-width: 927px) 100vw, 927px\" \/><\/div><\/div><\/div><\/div><\/div><\/div><\/div><\/div><div class=\"fusion-layout-column fusion_builder_column fusion-builder-column-1 fusion_builder_column_1_2 1_2 fusion-flex-column\" style=\"--awb-bg-size:cover;--awb-width-large:50%;--awb-margin-top-large:0px;--awb-spacing-right-large:3.84%;--awb-margin-bottom-large:20px;--awb-spacing-left-large:3.84%;--awb-width-medium:100%;--awb-order-medium:0;--awb-spacing-right-medium:1.92%;--awb-spacing-left-medium:1.92%;--awb-width-small:100%;--awb-order-small:0;--awb-spacing-right-small:1.92%;--awb-spacing-left-small:1.92%;\"><div class=\"fusion-column-wrapper fusion-column-has-shadow fusion-flex-justify-content-flex-start fusion-content-layout-column\"><div class=\"fusion-text fusion-text-1\"><p>\u201eAlles anders\u201d hie\u00df es in diesem Jahr f\u00fcr die Musikerinnen am SFGRS. Das traditionelle Sommerkonzert, das der Hitzewelle im Juli zum Opfer gefallen war, verwandelte sich flexibel in ein Schulanfangskonzert. Au\u00dfer bei den Temperaturen wurde daf\u00fcr allerdings nirgendwo zur\u00fcckgeschraubt. Ganz im Gegenteil schenkten die Mitwirkenden den zahlreich erschienenen Zuh\u00f6rern einen kurzweilig-unterhaltsamen Abend.<\/p>\n<p>Ein schmissige Einstieg gelang dem Gro\u00dfen Orchester unter dem Dirigat von Andrea Liese, das mit anspruchsvollen gegenl\u00e4ufigen Rhythmen aus der \u201eEcuador-Suite\u201d von Regine Nosske den Abend er\u00f6ffnete.<\/p>\n<p>\u201eUnter den Wolken geben wir die Freiheit noch nicht her, weil sie uns heute alles bedeutet\u201d, sang der Orientierungsstufenchor mit den Worten der Toten Hosen unter Leitung von Anke K\u00fchner. Der Wunsch nach einer friedlich-freiheitlichen Zukunft wurde auch in anderen Beitr\u00e4gen deutlich. So fragte der MSS-Chor unter Leitung von Ursula Vollrath selbstbewusst \u201eWhat happens when a woman takes power? What happens when she takes the crown?\u201d Der ungew\u00f6hnliche Vortrag der acht jungen S\u00e4ngerinnen kombinierte Gesang mit effektvoll eingesetzter Body Percussion und riss das Publikum mit.<\/p>\n<p>Ganz \u00e4hnliches gelang auch Celine Lang aus der 9Ra. Unterst\u00fctzt von den Mitgliedern der Gitarren-AG unter Leitung von Christian Sieber faszinierte sie mit der Hymne der Friedensbewegung \u201cImagine\u201d von John Lennon. Mit samtweicher Stimme entstaubte sie den Klassiker und lie\u00df seine Botschaft v\u00f6llig schn\u00f6rkellos, daf\u00fcr aber umso eindrucksvoller neu erklingen. Begeisterter Applaus war den sieben Musikerinnen sicher.<\/p>\n<p>Sogar zu einer Zugabe lie\u00df sich das \u201cAllStars-Orchester\u201d, bestehend aus Instrumentalkreis und zahlreichen Lehrkr\u00e4ften, hinrei\u00dfen, das mit einem Arrangement des bekannten \u201cCanon in D-Dur\u201d von Johann Pachelbel gro\u00dfen Beifall erntete.<\/p>\n<p>Zwischen den Beitr\u00e4gen wurden zahlreiche Sch\u00fclerinnen f\u00fcr ihren Einsatz im Rahmen verschiedener Wettbewerbe geehrt. Ob Mathematik, Deutsch oder Kunst &#8211; insgesamt 65 Urkunden gab es f\u00fcr Bestleistungen des letzten Schuljahres zu verteilen.<\/p>\n<p><em>S. Seither<\/em><\/p>\n<\/div><\/div><\/div><\/div><\/div>\n","protected":false},"excerpt":{"rendered":"","protected":false},"author":14,"featured_media":12709,"comment_status":"open","ping_status":"open","sticky":false,"template":"","format":"standard","meta":{"footnotes":""},"categories":[1],"tags":[],"class_list":["post-12722","post","type-post","status-publish","format-standard","has-post-thumbnail","hentry","category-allgemein"],"_links":{"self":[{"href":"https:\/\/sfgrs.de\/wordpress\/index.php\/wp-json\/wp\/v2\/posts\/12722","targetHints":{"allow":["GET"]}}],"collection":[{"href":"https:\/\/sfgrs.de\/wordpress\/index.php\/wp-json\/wp\/v2\/posts"}],"about":[{"href":"https:\/\/sfgrs.de\/wordpress\/index.php\/wp-json\/wp\/v2\/types\/post"}],"author":[{"embeddable":true,"href":"https:\/\/sfgrs.de\/wordpress\/index.php\/wp-json\/wp\/v2\/users\/14"}],"replies":[{"embeddable":true,"href":"https:\/\/sfgrs.de\/wordpress\/index.php\/wp-json\/wp\/v2\/comments?post=12722"}],"version-history":[{"count":2,"href":"https:\/\/sfgrs.de\/wordpress\/index.php\/wp-json\/wp\/v2\/posts\/12722\/revisions"}],"predecessor-version":[{"id":12724,"href":"https:\/\/sfgrs.de\/wordpress\/index.php\/wp-json\/wp\/v2\/posts\/12722\/revisions\/12724"}],"wp:featuredmedia":[{"embeddable":true,"href":"https:\/\/sfgrs.de\/wordpress\/index.php\/wp-json\/wp\/v2\/media\/12709"}],"wp:attachment":[{"href":"https:\/\/sfgrs.de\/wordpress\/index.php\/wp-json\/wp\/v2\/media?parent=12722"}],"wp:term":[{"taxonomy":"category","embeddable":true,"href":"https:\/\/sfgrs.de\/wordpress\/index.php\/wp-json\/wp\/v2\/categories?post=12722"},{"taxonomy":"post_tag","embeddable":true,"href":"https:\/\/sfgrs.de\/wordpress\/index.php\/wp-json\/wp\/v2\/tags?post=12722"}],"curies":[{"name":"wp","href":"https:\/\/api.w.org\/{rel}","templated":true}]}}