{"id":12760,"date":"2025-09-16T12:48:48","date_gmt":"2025-09-16T10:48:48","guid":{"rendered":"https:\/\/sfgrs.de\/wordpress\/?p=12760"},"modified":"2025-09-16T12:48:48","modified_gmt":"2025-09-16T10:48:48","slug":"pilgerinnen-der-hoffnung-im-speyerer-dom","status":"publish","type":"post","link":"https:\/\/sfgrs.de\/wordpress\/index.php\/2025\/09\/16\/pilgerinnen-der-hoffnung-im-speyerer-dom\/","title":{"rendered":"Pilgerinnen der Hoffnung im Speyerer Dom"},"content":{"rendered":"<div class=\"fusion-fullwidth fullwidth-box fusion-builder-row-1 fusion-flex-container has-pattern-background has-mask-background nonhundred-percent-fullwidth non-hundred-percent-height-scrolling\" style=\"--awb-border-radius-top-left:0px;--awb-border-radius-top-right:0px;--awb-border-radius-bottom-right:0px;--awb-border-radius-bottom-left:0px;--awb-flex-wrap:wrap;\" ><div class=\"fusion-builder-row fusion-row fusion-flex-align-items-flex-start fusion-flex-content-wrap\" style=\"max-width:1456px;margin-left: calc(-4% \/ 2 );margin-right: calc(-4% \/ 2 );\"><div class=\"fusion-layout-column fusion_builder_column fusion-builder-column-0 fusion_builder_column_1_2 1_2 fusion-flex-column\" style=\"--awb-bg-size:cover;--awb-width-large:50%;--awb-margin-top-large:0px;--awb-spacing-right-large:3.84%;--awb-margin-bottom-large:20px;--awb-spacing-left-large:3.84%;--awb-width-medium:100%;--awb-order-medium:0;--awb-spacing-right-medium:1.92%;--awb-spacing-left-medium:1.92%;--awb-width-small:100%;--awb-order-small:0;--awb-spacing-right-small:1.92%;--awb-spacing-left-small:1.92%;\"><div class=\"fusion-column-wrapper fusion-column-has-shadow fusion-flex-justify-content-flex-start fusion-content-layout-column\"><div class=\"fusion-image-carousel fusion-image-carousel-auto fusion-image-carousel-1 fusion-carousel-border\"><div class=\"awb-carousel awb-swiper awb-swiper-carousel\" data-autoplay=\"yes\" data-columns=\"1\" data-itemmargin=\"0\" data-itemwidth=\"180\" data-touchscroll=\"no\" data-imagesize=\"auto\" style=\"--awb-columns:1;--awb-column-spacing:0px;\"><div class=\"swiper-wrapper awb-image-carousel-wrapper fusion-flex-align-items-center\"><div class=\"swiper-slide\"><div class=\"fusion-carousel-item-wrapper\"><div class=\"fusion-image-wrapper hover-type-none\"><img decoding=\"async\" width=\"2560\" height=\"1707\" src=\"https:\/\/sfgrs.de\/wordpress\/wp-content\/uploads\/2025\/09\/Speyer-L1-scaled.png\" class=\"attachment-full size-full\" alt=\"\" srcset=\"https:\/\/sfgrs.de\/wordpress\/wp-content\/uploads\/2025\/09\/Speyer-L1-200x133.png 200w, https:\/\/sfgrs.de\/wordpress\/wp-content\/uploads\/2025\/09\/Speyer-L1-300x200.png 300w, https:\/\/sfgrs.de\/wordpress\/wp-content\/uploads\/2025\/09\/Speyer-L1-400x267.png 400w, https:\/\/sfgrs.de\/wordpress\/wp-content\/uploads\/2025\/09\/Speyer-L1-600x400.png 600w, https:\/\/sfgrs.de\/wordpress\/wp-content\/uploads\/2025\/09\/Speyer-L1-768x512.png 768w, https:\/\/sfgrs.de\/wordpress\/wp-content\/uploads\/2025\/09\/Speyer-L1-800x533.png 800w, https:\/\/sfgrs.de\/wordpress\/wp-content\/uploads\/2025\/09\/Speyer-L1-1024x683.png 1024w, https:\/\/sfgrs.de\/wordpress\/wp-content\/uploads\/2025\/09\/Speyer-L1-1200x800.png 1200w, https:\/\/sfgrs.de\/wordpress\/wp-content\/uploads\/2025\/09\/Speyer-L1-1320x880.png 1320w, https:\/\/sfgrs.de\/wordpress\/wp-content\/uploads\/2025\/09\/Speyer-L1-1536x1024.png 1536w, https:\/\/sfgrs.de\/wordpress\/wp-content\/uploads\/2025\/09\/Speyer-L1-scaled.png 2560w\" sizes=\"(max-width: 2560px) 100vw, 2560px\" \/><\/div><\/div><\/div><div class=\"swiper-slide\"><div class=\"fusion-carousel-item-wrapper\"><div class=\"fusion-image-wrapper hover-type-none\"><img decoding=\"async\" width=\"2560\" height=\"1707\" src=\"https:\/\/sfgrs.de\/wordpress\/wp-content\/uploads\/2025\/09\/Speyer-L5-scaled.png\" class=\"attachment-full size-full\" alt=\"\" srcset=\"https:\/\/sfgrs.de\/wordpress\/wp-content\/uploads\/2025\/09\/Speyer-L5-200x133.png 200w, https:\/\/sfgrs.de\/wordpress\/wp-content\/uploads\/2025\/09\/Speyer-L5-300x200.png 300w, https:\/\/sfgrs.de\/wordpress\/wp-content\/uploads\/2025\/09\/Speyer-L5-400x267.png 400w, https:\/\/sfgrs.de\/wordpress\/wp-content\/uploads\/2025\/09\/Speyer-L5-600x400.png 600w, https:\/\/sfgrs.de\/wordpress\/wp-content\/uploads\/2025\/09\/Speyer-L5-768x512.png 768w, https:\/\/sfgrs.de\/wordpress\/wp-content\/uploads\/2025\/09\/Speyer-L5-800x533.png 800w, https:\/\/sfgrs.de\/wordpress\/wp-content\/uploads\/2025\/09\/Speyer-L5-1024x683.png 1024w, https:\/\/sfgrs.de\/wordpress\/wp-content\/uploads\/2025\/09\/Speyer-L5-1200x800.png 1200w, https:\/\/sfgrs.de\/wordpress\/wp-content\/uploads\/2025\/09\/Speyer-L5-1320x880.png 1320w, https:\/\/sfgrs.de\/wordpress\/wp-content\/uploads\/2025\/09\/Speyer-L5-1536x1024.png 1536w, https:\/\/sfgrs.de\/wordpress\/wp-content\/uploads\/2025\/09\/Speyer-L5-scaled.png 2560w\" sizes=\"(max-width: 2560px) 100vw, 2560px\" \/><\/div><\/div><\/div><div class=\"swiper-slide\"><div class=\"fusion-carousel-item-wrapper\"><div class=\"fusion-image-wrapper hover-type-none\"><img decoding=\"async\" width=\"2560\" height=\"1707\" src=\"https:\/\/sfgrs.de\/wordpress\/wp-content\/uploads\/2025\/09\/Speyer-L7-scaled.png\" class=\"attachment-full size-full\" alt=\"\" srcset=\"https:\/\/sfgrs.de\/wordpress\/wp-content\/uploads\/2025\/09\/Speyer-L7-200x133.png 200w, https:\/\/sfgrs.de\/wordpress\/wp-content\/uploads\/2025\/09\/Speyer-L7-300x200.png 300w, https:\/\/sfgrs.de\/wordpress\/wp-content\/uploads\/2025\/09\/Speyer-L7-400x267.png 400w, https:\/\/sfgrs.de\/wordpress\/wp-content\/uploads\/2025\/09\/Speyer-L7-600x400.png 600w, https:\/\/sfgrs.de\/wordpress\/wp-content\/uploads\/2025\/09\/Speyer-L7-768x512.png 768w, https:\/\/sfgrs.de\/wordpress\/wp-content\/uploads\/2025\/09\/Speyer-L7-800x533.png 800w, https:\/\/sfgrs.de\/wordpress\/wp-content\/uploads\/2025\/09\/Speyer-L7-1024x683.png 1024w, https:\/\/sfgrs.de\/wordpress\/wp-content\/uploads\/2025\/09\/Speyer-L7-1200x800.png 1200w, https:\/\/sfgrs.de\/wordpress\/wp-content\/uploads\/2025\/09\/Speyer-L7-1320x880.png 1320w, https:\/\/sfgrs.de\/wordpress\/wp-content\/uploads\/2025\/09\/Speyer-L7-1536x1024.png 1536w, https:\/\/sfgrs.de\/wordpress\/wp-content\/uploads\/2025\/09\/Speyer-L7-scaled.png 2560w\" sizes=\"(max-width: 2560px) 100vw, 2560px\" \/><\/div><\/div><\/div><div class=\"swiper-slide\"><div class=\"fusion-carousel-item-wrapper\"><div class=\"fusion-image-wrapper hover-type-none\"><img decoding=\"async\" width=\"2560\" height=\"1706\" src=\"https:\/\/sfgrs.de\/wordpress\/wp-content\/uploads\/2025\/09\/Speyer-L8-scaled.png\" class=\"attachment-full size-full\" alt=\"\" srcset=\"https:\/\/sfgrs.de\/wordpress\/wp-content\/uploads\/2025\/09\/Speyer-L8-200x133.png 200w, https:\/\/sfgrs.de\/wordpress\/wp-content\/uploads\/2025\/09\/Speyer-L8-300x200.png 300w, https:\/\/sfgrs.de\/wordpress\/wp-content\/uploads\/2025\/09\/Speyer-L8-400x267.png 400w, https:\/\/sfgrs.de\/wordpress\/wp-content\/uploads\/2025\/09\/Speyer-L8-600x400.png 600w, https:\/\/sfgrs.de\/wordpress\/wp-content\/uploads\/2025\/09\/Speyer-L8-768x512.png 768w, https:\/\/sfgrs.de\/wordpress\/wp-content\/uploads\/2025\/09\/Speyer-L8-800x533.png 800w, https:\/\/sfgrs.de\/wordpress\/wp-content\/uploads\/2025\/09\/Speyer-L8-1024x683.png 1024w, https:\/\/sfgrs.de\/wordpress\/wp-content\/uploads\/2025\/09\/Speyer-L8-1200x800.png 1200w, https:\/\/sfgrs.de\/wordpress\/wp-content\/uploads\/2025\/09\/Speyer-L8-1320x880.png 1320w, https:\/\/sfgrs.de\/wordpress\/wp-content\/uploads\/2025\/09\/Speyer-L8-1536x1024.png 1536w, https:\/\/sfgrs.de\/wordpress\/wp-content\/uploads\/2025\/09\/Speyer-L8-scaled.png 2560w\" sizes=\"(max-width: 2560px) 100vw, 2560px\" \/><\/div><\/div><\/div><div class=\"swiper-slide\"><div class=\"fusion-carousel-item-wrapper\"><div class=\"fusion-image-wrapper hover-type-none\"><img decoding=\"async\" width=\"2560\" height=\"1707\" src=\"https:\/\/sfgrs.de\/wordpress\/wp-content\/uploads\/2025\/09\/SpeyerL-4-scaled.png\" class=\"attachment-full size-full\" alt=\"\" srcset=\"https:\/\/sfgrs.de\/wordpress\/wp-content\/uploads\/2025\/09\/SpeyerL-4-200x133.png 200w, https:\/\/sfgrs.de\/wordpress\/wp-content\/uploads\/2025\/09\/SpeyerL-4-300x200.png 300w, https:\/\/sfgrs.de\/wordpress\/wp-content\/uploads\/2025\/09\/SpeyerL-4-400x267.png 400w, https:\/\/sfgrs.de\/wordpress\/wp-content\/uploads\/2025\/09\/SpeyerL-4-600x400.png 600w, https:\/\/sfgrs.de\/wordpress\/wp-content\/uploads\/2025\/09\/SpeyerL-4-768x512.png 768w, https:\/\/sfgrs.de\/wordpress\/wp-content\/uploads\/2025\/09\/SpeyerL-4-800x533.png 800w, https:\/\/sfgrs.de\/wordpress\/wp-content\/uploads\/2025\/09\/SpeyerL-4-1024x683.png 1024w, https:\/\/sfgrs.de\/wordpress\/wp-content\/uploads\/2025\/09\/SpeyerL-4-1200x800.png 1200w, https:\/\/sfgrs.de\/wordpress\/wp-content\/uploads\/2025\/09\/SpeyerL-4-1320x880.png 1320w, https:\/\/sfgrs.de\/wordpress\/wp-content\/uploads\/2025\/09\/SpeyerL-4-1536x1024.png 1536w, https:\/\/sfgrs.de\/wordpress\/wp-content\/uploads\/2025\/09\/SpeyerL-4-scaled.png 2560w\" sizes=\"(max-width: 2560px) 100vw, 2560px\" \/><\/div><\/div><\/div><div class=\"swiper-slide\"><div class=\"fusion-carousel-item-wrapper\"><div class=\"fusion-image-wrapper hover-type-none\"><img decoding=\"async\" width=\"2560\" height=\"1707\" src=\"https:\/\/sfgrs.de\/wordpress\/wp-content\/uploads\/2025\/09\/SpeyerL3-scaled.png\" class=\"attachment-full size-full\" alt=\"\" srcset=\"https:\/\/sfgrs.de\/wordpress\/wp-content\/uploads\/2025\/09\/SpeyerL3-200x133.png 200w, https:\/\/sfgrs.de\/wordpress\/wp-content\/uploads\/2025\/09\/SpeyerL3-300x200.png 300w, https:\/\/sfgrs.de\/wordpress\/wp-content\/uploads\/2025\/09\/SpeyerL3-400x267.png 400w, https:\/\/sfgrs.de\/wordpress\/wp-content\/uploads\/2025\/09\/SpeyerL3-600x400.png 600w, https:\/\/sfgrs.de\/wordpress\/wp-content\/uploads\/2025\/09\/SpeyerL3-768x512.png 768w, https:\/\/sfgrs.de\/wordpress\/wp-content\/uploads\/2025\/09\/SpeyerL3-800x533.png 800w, https:\/\/sfgrs.de\/wordpress\/wp-content\/uploads\/2025\/09\/SpeyerL3-1024x683.png 1024w, https:\/\/sfgrs.de\/wordpress\/wp-content\/uploads\/2025\/09\/SpeyerL3-1200x800.png 1200w, https:\/\/sfgrs.de\/wordpress\/wp-content\/uploads\/2025\/09\/SpeyerL3-1320x880.png 1320w, https:\/\/sfgrs.de\/wordpress\/wp-content\/uploads\/2025\/09\/SpeyerL3-1536x1024.png 1536w, https:\/\/sfgrs.de\/wordpress\/wp-content\/uploads\/2025\/09\/SpeyerL3-scaled.png 2560w\" sizes=\"(max-width: 2560px) 100vw, 2560px\" \/><\/div><\/div><\/div><\/div><\/div><\/div><\/div><\/div><div class=\"fusion-layout-column fusion_builder_column fusion-builder-column-1 fusion_builder_column_1_2 1_2 fusion-flex-column\" style=\"--awb-bg-size:cover;--awb-width-large:50%;--awb-margin-top-large:0px;--awb-spacing-right-large:3.84%;--awb-margin-bottom-large:20px;--awb-spacing-left-large:3.84%;--awb-width-medium:100%;--awb-order-medium:0;--awb-spacing-right-medium:1.92%;--awb-spacing-left-medium:1.92%;--awb-width-small:100%;--awb-order-small:0;--awb-spacing-right-small:1.92%;--awb-spacing-left-small:1.92%;\"><div class=\"fusion-column-wrapper fusion-column-has-shadow fusion-flex-justify-content-flex-start fusion-content-layout-column\"><div class=\"fusion-text fusion-text-1\"><p>Speyer. Eine gro\u00dfe Schulgemeinschaft unterwegs: Die M\u00e4dchen der St. Franziskus-Schulen in Kaiserslautern pilgerten zum Speyerer Dom. Mit rund 1000 Sch\u00fclerinnen fand dort der Abschlussgottesdienst f\u00fcr die Schullwallfahrt statt. Anlass war das Heilige Jahr 2025 in der katholischen Kirche.<\/p>\n<p>Dass im Speyerer Dom bei einem Gottesdienst alle Pl\u00e4tze besetzt sind, ist keine Seltenheit. Dass aber fast ausnahmslos M\u00e4dchen und junge Frauen die riesige Bischofskirche bev\u00f6lkern, ist ein Ereignis. Am 5. September feierte die Schulgemeinschaft der St. Franziskus-Schulen aus Kaiserslautern den Abschlussgottesdienst ihrer Wallfahrt nach Speyer im Dom. Die Sch\u00fclerinnen der f\u00fcnften bis 13. Klassenstufe und die Lehrkr\u00e4fte nahmen im Hauptschiff der Kirche, aber auch rund um den Volksaltar und auf dem K\u00f6nigschor Platz. So waren Bischof Dr. Karl-Heinz Wiesemann, der die Messfeier leitete, sowie Pfarrerin Nicole Bizig von der evangelischen Apostelkirchengemeinde und Pfarrer Martin Olf von der Pfarrei Kaiserslautern Heilig Geist \u2013 beide sind sozusagen Vor-Ort-Pfarrer der Realschule und des Gymnasiums St. Franziskus \u2013 regelrecht von Sch\u00fclerinnen umringt. \u201eGeballte Frauenpower hier im Dom\u201c, so begr\u00fc\u00dfte Bischof Wiesemann schmunzelnd die G\u00e4ste zu Beginn und bezeichnete sie als \u201ePilgerinnen der Hoffnung und Hoffnungstr\u00e4gerinnen f\u00fcr eine Welt des Friedens\u201c.<\/p>\n<p>Anlass der Schulwallfahrt ist das Heilige Jahr 2025 in der katholischen Kirche, das sich in besonderer Weise der Hoffnung verschrieben hat. Ein Ziel der Wallfahrt lautete, als Schulgemeinschaft aufmerksam zu werden, wie die Zukunft gestaltet werden kann. Alle Jahrg\u00e4nge entwickelten daf\u00fcr altersgem\u00e4\u00dfe Programmpunkte, die am Vormittag in der Stadt und rund um den Dom stattfanden. F\u00fcr einige Klassenstufen standen Selbst- und Gemeinschaftserfahrungen im \u201eStundenplan\u201c, andere erkundeten die Geschichte der Domstadt und lernten deren mittelalterliches, j\u00fcdisches und protestantisches Erbe kennen. Wieder andere bastelten Muschelanh\u00e4nger in gro\u00dfer Zahl, die als Erinnerung sp\u00e4ter im Dom \u00fcberreicht wurden. Ein au\u00dferdem geplanter Pilgerweg zu Fu\u00df bis nach Speyer fiel dem unsicheren Wetter zum Opfer. Dennoch gab es einen gemeinsamen Weg der Sch\u00fclerinnen: Vom Stadttor Altp\u00f6rtel ging es in einem gro\u00dfen Zug auf der Maximilianstra\u00dfe bis zum Dom, wo bereits alles f\u00fcr den feierlichen Gottesdienst vorbereitet war.<\/p>\n<p>Die Messfeier gestalteten die Sch\u00fclerinnen und Lehrkr\u00e4fte selbst \u2013 mit Musik und Gesang, mit den F\u00fcrbitten oder mit der Lesung von Abraham und seiner Frau Sara. Gott fordert die beiden auf, alles zu verlassen, um in ein neues Land zu ziehen und dort zum Segen f\u00fcr alle Menschen zu werden (Genesis 12, 1-7). Die Jugendlichen trugen die Lesung vor und stellten anschlie\u00dfend in einem Zwiegespr\u00e4ch dar, was wohl in Abrahams Kopf nach Gottes Aufforderung vorgegangen sein musste: Zweifel und Skepsis, Verdr\u00e4ngen und Ablehnung oder Mut und sogar Hoffnung auf eine bessere Zukunft?<\/p>\n<p>Diese Gedanken griff Bischof Wiesemann in seiner Predigt auf: \u201eWenn wir nicht alle ganz von vorne anfangen, wie k\u00f6nnen wir das schaffen in unserer Welt voller Herausforderungen?\u201c Aufbrechen und etwas Vertrautes verlassen, das sei n\u00f6tig um der Zukunft willen und \u201ef\u00fcr euch alle, f\u00fcr die junge Generation\u201c. In dieser Welt gebe es viele Menschen, die gar nicht ans Morgen glaubten. Wo die Hoffnung auf eine gute Zukunft fehle, da bestimmte Angst das Handeln, bis hinein in die Politik. Mit Blick auf die Lesung machte Wiesemann den Sch\u00fclerinnen Mut: \u201eGott sagt: Setzt auf die Zukunft, vertraut auf das Gute! Tut euch zusammen, setzt euch ein, ver\u00e4ndert die Welt!\u201c Wo das gemeinsam geschehe, da wachse die Hoffnung. Die Sehnsucht nach Ver\u00e4nderung sei in vielen Menschen vorhanden. \u201eAber wir brauchen den Glauben als die Kraft, die uns aufbrechen l\u00e4sst. Aufbrechen f\u00fcr eine gute Zukunft der Menschheit.\u201c<\/p>\n<p>Um diese Zukunft ging es im Vorfeld des Gottesdienstes in einer Austauschrunde der Sch\u00fclerinnen der 13. Jahrgangsstufe mit Dr. Irina Kreusch, der Leiterin der Schul- und Bildungsabteilung des Bisch\u00f6flichen Ordinariates, und Bischof Wiesemann. Unter dem Titel \u201eAls Pilger der Hoffnung die Zukunft der Menschheit mitgestalten\u201c pr\u00e4sentierten angehende Abiturientinnen, was sie zu einer Ballade, einer Karikatur sowie zu Psalm 73 erarbeitet hatten: Was sagen Kunst und Literatur \u00fcber Hoffnung und Zukunft, welcher Rat f\u00fcr den Menschen heute steckt in ihnen? Da ist einmal die Gewissheit, dass Antworten auf alle Fragen bereits im Menschen vorhanden sind, weil Gott sie in den Menschen gelegt hat. Es ist die Ermutigung, stets nach dem eigenen und richtigen Weg Ausschau zu halten, auch wenn er gegen den Strom f\u00fchrt. Und es ist die Motivation, die Welt zu gestalten und zu ver\u00e4ndern, die in der Hoffnung auf das Jenseits gr\u00fcndet. Irina Kreusch und Karl-Heinz Wiesemann lobten die Sch\u00fclerinnen f\u00fcr deren Statements als \u201eGeschenke und eine Bereicherung\u201c, die \u201ein einem gro\u00dfen Wurf die Frage nach Zukunft\u201c ber\u00fchrt h\u00e4tten. \u201eDar\u00fcber k\u00f6nnten wir stundenlang diskutieren\u201c, so der Bischof, der seine Gedanken zur Hoffnung anhand der \u201eG\u00f6ttlichen Kom\u00f6die\u201c von Dante Alighieri ausf\u00fchrte.<\/p>\n<p>Und was bedeutet Hoffnung ganz pers\u00f6nlich f\u00fcr die 18-J\u00e4hrigen? \u201eHoffnung bleibt immer, bis zuletzt. Daran halte ich fest. Und das gibt mir Kraft\u201c, sagte Diana Rosch gegen\u00fcber dem \u201ePilger\u201c. \u201eHoffnung ist wie ein Motor, immer weiterzumachen\u201c, pflichtete ihr Sarah Schickel bei. Und Jessica K\u00f6nig erg\u00e4nzte: \u201eHoffnung hat direkt mit dem Glauben zu tun: Ich wei\u00df mich verbunden mit jemandem, der immer da ist und bei mir bleibt. Ein bester Freund, das ist Jesus f\u00fcr mich.\u201c Den drei jungen Frauen hat der Wallfahrtstag vor allem als Gemeinschaftserlebnis gefallen. Die \u201eempathisch-impulsive Predigt\u201c des Bischofs, eine \u201eeinladende Atmosph\u00e4re im Dom\u201c und die M\u00f6glichkeit, \u201eandere Perspektiven und Meinungen kennenzulernen\u201c, nehmen sie au\u00dferdem als gute Erinnerungen mit nach Hause.<\/p>\n<p><i>Text: Hubert Mathes, der pilger &#8211;\u00a0<\/i><em>Photos: \u00a9 Klaus Landry\u00a0<\/em><\/p>\n<\/div><\/div><\/div><\/div><\/div>\n","protected":false},"excerpt":{"rendered":"","protected":false},"author":14,"featured_media":12764,"comment_status":"open","ping_status":"open","sticky":false,"template":"","format":"standard","meta":{"footnotes":""},"categories":[1],"tags":[],"class_list":["post-12760","post","type-post","status-publish","format-standard","has-post-thumbnail","hentry","category-allgemein"],"_links":{"self":[{"href":"https:\/\/sfgrs.de\/wordpress\/index.php\/wp-json\/wp\/v2\/posts\/12760","targetHints":{"allow":["GET"]}}],"collection":[{"href":"https:\/\/sfgrs.de\/wordpress\/index.php\/wp-json\/wp\/v2\/posts"}],"about":[{"href":"https:\/\/sfgrs.de\/wordpress\/index.php\/wp-json\/wp\/v2\/types\/post"}],"author":[{"embeddable":true,"href":"https:\/\/sfgrs.de\/wordpress\/index.php\/wp-json\/wp\/v2\/users\/14"}],"replies":[{"embeddable":true,"href":"https:\/\/sfgrs.de\/wordpress\/index.php\/wp-json\/wp\/v2\/comments?post=12760"}],"version-history":[{"count":1,"href":"https:\/\/sfgrs.de\/wordpress\/index.php\/wp-json\/wp\/v2\/posts\/12760\/revisions"}],"predecessor-version":[{"id":12767,"href":"https:\/\/sfgrs.de\/wordpress\/index.php\/wp-json\/wp\/v2\/posts\/12760\/revisions\/12767"}],"wp:featuredmedia":[{"embeddable":true,"href":"https:\/\/sfgrs.de\/wordpress\/index.php\/wp-json\/wp\/v2\/media\/12764"}],"wp:attachment":[{"href":"https:\/\/sfgrs.de\/wordpress\/index.php\/wp-json\/wp\/v2\/media?parent=12760"}],"wp:term":[{"taxonomy":"category","embeddable":true,"href":"https:\/\/sfgrs.de\/wordpress\/index.php\/wp-json\/wp\/v2\/categories?post=12760"},{"taxonomy":"post_tag","embeddable":true,"href":"https:\/\/sfgrs.de\/wordpress\/index.php\/wp-json\/wp\/v2\/tags?post=12760"}],"curies":[{"name":"wp","href":"https:\/\/api.w.org\/{rel}","templated":true}]}}