{"id":12769,"date":"2025-09-17T14:07:55","date_gmt":"2025-09-17T12:07:55","guid":{"rendered":"https:\/\/sfgrs.de\/wordpress\/?p=12769"},"modified":"2025-09-17T14:19:16","modified_gmt":"2025-09-17T12:19:16","slug":"die-welt-ein-stueck-besser-machen","status":"publish","type":"post","link":"https:\/\/sfgrs.de\/wordpress\/index.php\/2025\/09\/17\/die-welt-ein-stueck-besser-machen\/","title":{"rendered":"Die Welt ein St\u00fcck besser machen &#8211; Sozialer Tag am 29. September"},"content":{"rendered":"<div class=\"fusion-fullwidth fullwidth-box fusion-builder-row-1 fusion-flex-container has-pattern-background has-mask-background nonhundred-percent-fullwidth non-hundred-percent-height-scrolling\" style=\"--awb-border-radius-top-left:0px;--awb-border-radius-top-right:0px;--awb-border-radius-bottom-right:0px;--awb-border-radius-bottom-left:0px;--awb-flex-wrap:wrap;\" ><div class=\"fusion-builder-row fusion-row fusion-flex-align-items-flex-start fusion-flex-content-wrap\" style=\"max-width:1456px;margin-left: calc(-4% \/ 2 );margin-right: calc(-4% \/ 2 );\"><div class=\"fusion-layout-column fusion_builder_column fusion-builder-column-0 fusion_builder_column_1_2 1_2 fusion-flex-column\" style=\"--awb-bg-size:cover;--awb-width-large:50%;--awb-margin-top-large:0px;--awb-spacing-right-large:3.84%;--awb-margin-bottom-large:20px;--awb-spacing-left-large:3.84%;--awb-width-medium:100%;--awb-order-medium:0;--awb-spacing-right-medium:1.92%;--awb-spacing-left-medium:1.92%;--awb-width-small:100%;--awb-order-small:0;--awb-spacing-right-small:1.92%;--awb-spacing-left-small:1.92%;\"><div class=\"fusion-column-wrapper fusion-column-has-shadow fusion-flex-justify-content-flex-start fusion-content-layout-column\"><div class=\"fusion-image-carousel fusion-image-carousel-auto fusion-image-carousel-1 fusion-carousel-border\"><div class=\"awb-carousel awb-swiper awb-swiper-carousel\" data-autoplay=\"yes\" data-columns=\"1\" data-itemmargin=\"1\" data-itemwidth=\"180\" data-touchscroll=\"no\" data-imagesize=\"auto\" style=\"--awb-columns:1;--awb-column-spacing:1px;\"><div class=\"swiper-wrapper awb-image-carousel-wrapper fusion-flex-align-items-center\"><div class=\"swiper-slide\"><div class=\"fusion-carousel-item-wrapper\"><div class=\"fusion-image-wrapper hover-type-none\"><img decoding=\"async\" width=\"2560\" height=\"1707\" src=\"https:\/\/sfgrs.de\/wordpress\/wp-content\/uploads\/2025\/09\/Sozialer-Tag-scaled.png\" class=\"attachment-full size-full\" alt=\"\" srcset=\"https:\/\/sfgrs.de\/wordpress\/wp-content\/uploads\/2025\/09\/Sozialer-Tag-200x133.png 200w, https:\/\/sfgrs.de\/wordpress\/wp-content\/uploads\/2025\/09\/Sozialer-Tag-300x200.png 300w, https:\/\/sfgrs.de\/wordpress\/wp-content\/uploads\/2025\/09\/Sozialer-Tag-400x267.png 400w, https:\/\/sfgrs.de\/wordpress\/wp-content\/uploads\/2025\/09\/Sozialer-Tag-600x400.png 600w, https:\/\/sfgrs.de\/wordpress\/wp-content\/uploads\/2025\/09\/Sozialer-Tag-768x512.png 768w, https:\/\/sfgrs.de\/wordpress\/wp-content\/uploads\/2025\/09\/Sozialer-Tag-800x533.png 800w, https:\/\/sfgrs.de\/wordpress\/wp-content\/uploads\/2025\/09\/Sozialer-Tag-1024x683.png 1024w, https:\/\/sfgrs.de\/wordpress\/wp-content\/uploads\/2025\/09\/Sozialer-Tag-1200x800.png 1200w, https:\/\/sfgrs.de\/wordpress\/wp-content\/uploads\/2025\/09\/Sozialer-Tag-1320x880.png 1320w, https:\/\/sfgrs.de\/wordpress\/wp-content\/uploads\/2025\/09\/Sozialer-Tag-1536x1024.png 1536w, https:\/\/sfgrs.de\/wordpress\/wp-content\/uploads\/2025\/09\/Sozialer-Tag-scaled.png 2560w\" sizes=\"(max-width: 2560px) 100vw, 2560px\" \/><\/div><\/div><\/div><\/div><\/div><\/div><\/div><\/div><div class=\"fusion-layout-column fusion_builder_column fusion-builder-column-1 fusion_builder_column_1_2 1_2 fusion-flex-column\" style=\"--awb-bg-size:cover;--awb-width-large:50%;--awb-margin-top-large:0px;--awb-spacing-right-large:3.84%;--awb-margin-bottom-large:20px;--awb-spacing-left-large:3.84%;--awb-width-medium:100%;--awb-order-medium:0;--awb-spacing-right-medium:1.92%;--awb-spacing-left-medium:1.92%;--awb-width-small:100%;--awb-order-small:0;--awb-spacing-right-small:1.92%;--awb-spacing-left-small:1.92%;\"><div class=\"fusion-column-wrapper fusion-column-has-shadow fusion-flex-justify-content-flex-start fusion-content-layout-column\"><div class=\"fusion-text fusion-text-1\"><p>Manchmal hat man das Gef\u00fchl, die Welt bricht gerade auseinander. Kriege, Umweltkatastrophen und die Klimakrise bestimmen die Nachrichten.<\/p>\n<p>Wir wollen aber nicht vergessen, dass jede und jeder ein St\u00fcck dazu beitragen kann, die Welt besser zu machen \u2013 wenigstens f\u00fcr einige.<\/p>\n<p>Am Sozialen Tag wollen wir das zeigen, indem wir f\u00fcr jeden Kilometer, den wir wandern oder laufen, Geld sammeln, und es an verschiedene Projekte spenden.<\/p>\n<p>Dieses Jahr ist der Ordensrat der Dillinger Franziskanerinnen zu Besuch an der Schule. Es sind Schwestern aus Brasilien, Indien, den USA und Deutschland. Sie berichten uns in einer Versammlung am Anfang des Tages live aus ihren L\u00e4ndern. Danach brechen die Klassen zu einer Wanderung oder einem Spendenlauf auf.<\/p>\n<p>Ein Teil der Spenden geht an die Projekte der Dillinger Franziskanerinnen in Brasilien. Viele der 60 Millionen Kinder und Jugendliche leben in sehr armen Familien oder sind drogenabh\u00e4ngige Waisenkinder. Sie leben zum Teil auf der Stra\u00dfe. Damit sie wenigstens lesen und schreiben lernen und der Armut entkommen k\u00f6nnen, haben die Schwestern in Brasilien Schulen speziell f\u00fcr diese Kinder. Sie bekommen dort auch etwas zu essen und Hilfe bei den Hausaufgaben. Die Spenden vom Sozialen Tag werden zum Beispiel f\u00fcr das Essen der Kinder verwendet.<\/p>\n<p>Ein weiterer Teil der Spenden geht zu den Projekten der Dillinger Franziskanerinnen in Indien. Manche Eltern k\u00e4mpfen dort ums t\u00e4gliche \u00dcberleben, Lebensmittel werden auch dort immer teurer. Die Eltern k\u00f6nnen im Haus und auf dem Feld jede helfende Hand gebrauchen, und schicken ihre T\u00f6chter darum oft nicht in die Schule, oder verheiraten sie m\u00f6glichst schnell. Die Schwestern haben in Indien Schulen und Internate f\u00fcr M\u00e4dchen. So k\u00f6nnen die M\u00e4dchen l\u00e4nger in die Schule gehen und einen Beruf erlernen. Mit unseren Spenden werden zum Beispiel f\u00fcr arme M\u00e4dchen die Internatskosten bezahlt, und die Familien mit Lebensmittelpaketen unterst\u00fctzt.<\/p>\n<p>Vielen Dank f\u00fcr eure Bereitschaft, Spenden zu sammeln und euch\u00a0daf\u00fcr anzustrengen. Euer Engagement macht einen Unterschied in der Welt.<\/p>\n<p>Eure Schulleitungen, Schulsprecherinnen und das Planungsteam<\/p>\n<p><em>Text: H. Weber<\/em><\/p>\n<\/div><\/div><\/div><\/div><\/div>\n","protected":false},"excerpt":{"rendered":"","protected":false},"author":14,"featured_media":12768,"comment_status":"open","ping_status":"open","sticky":false,"template":"","format":"standard","meta":{"footnotes":""},"categories":[1],"tags":[],"class_list":["post-12769","post","type-post","status-publish","format-standard","has-post-thumbnail","hentry","category-allgemein"],"_links":{"self":[{"href":"https:\/\/sfgrs.de\/wordpress\/index.php\/wp-json\/wp\/v2\/posts\/12769","targetHints":{"allow":["GET"]}}],"collection":[{"href":"https:\/\/sfgrs.de\/wordpress\/index.php\/wp-json\/wp\/v2\/posts"}],"about":[{"href":"https:\/\/sfgrs.de\/wordpress\/index.php\/wp-json\/wp\/v2\/types\/post"}],"author":[{"embeddable":true,"href":"https:\/\/sfgrs.de\/wordpress\/index.php\/wp-json\/wp\/v2\/users\/14"}],"replies":[{"embeddable":true,"href":"https:\/\/sfgrs.de\/wordpress\/index.php\/wp-json\/wp\/v2\/comments?post=12769"}],"version-history":[{"count":2,"href":"https:\/\/sfgrs.de\/wordpress\/index.php\/wp-json\/wp\/v2\/posts\/12769\/revisions"}],"predecessor-version":[{"id":12779,"href":"https:\/\/sfgrs.de\/wordpress\/index.php\/wp-json\/wp\/v2\/posts\/12769\/revisions\/12779"}],"wp:featuredmedia":[{"embeddable":true,"href":"https:\/\/sfgrs.de\/wordpress\/index.php\/wp-json\/wp\/v2\/media\/12768"}],"wp:attachment":[{"href":"https:\/\/sfgrs.de\/wordpress\/index.php\/wp-json\/wp\/v2\/media?parent=12769"}],"wp:term":[{"taxonomy":"category","embeddable":true,"href":"https:\/\/sfgrs.de\/wordpress\/index.php\/wp-json\/wp\/v2\/categories?post=12769"},{"taxonomy":"post_tag","embeddable":true,"href":"https:\/\/sfgrs.de\/wordpress\/index.php\/wp-json\/wp\/v2\/tags?post=12769"}],"curies":[{"name":"wp","href":"https:\/\/api.w.org\/{rel}","templated":true}]}}