{"id":12790,"date":"2025-09-22T16:21:49","date_gmt":"2025-09-22T14:21:49","guid":{"rendered":"https:\/\/sfgrs.de\/wordpress\/?p=12790"},"modified":"2025-09-22T16:21:49","modified_gmt":"2025-09-22T14:21:49","slug":"ehemaligen-orchester-zum-dritten","status":"publish","type":"post","link":"https:\/\/sfgrs.de\/wordpress\/index.php\/2025\/09\/22\/ehemaligen-orchester-zum-dritten\/","title":{"rendered":"Ehemaligen-Orchester, zum Dritten!"},"content":{"rendered":"<div class=\"fusion-fullwidth fullwidth-box fusion-builder-row-1 fusion-flex-container has-pattern-background has-mask-background nonhundred-percent-fullwidth non-hundred-percent-height-scrolling\" style=\"--awb-border-radius-top-left:0px;--awb-border-radius-top-right:0px;--awb-border-radius-bottom-right:0px;--awb-border-radius-bottom-left:0px;--awb-flex-wrap:wrap;\" ><div class=\"fusion-builder-row fusion-row fusion-flex-align-items-flex-start fusion-flex-content-wrap\" style=\"max-width:1456px;margin-left: calc(-4% \/ 2 );margin-right: calc(-4% \/ 2 );\"><div class=\"fusion-layout-column fusion_builder_column fusion-builder-column-0 fusion_builder_column_1_2 1_2 fusion-flex-column\" style=\"--awb-bg-size:cover;--awb-width-large:50%;--awb-margin-top-large:0px;--awb-spacing-right-large:3.84%;--awb-margin-bottom-large:20px;--awb-spacing-left-large:3.84%;--awb-width-medium:100%;--awb-order-medium:0;--awb-spacing-right-medium:1.92%;--awb-spacing-left-medium:1.92%;--awb-width-small:100%;--awb-order-small:0;--awb-spacing-right-small:1.92%;--awb-spacing-left-small:1.92%;\"><div class=\"fusion-column-wrapper fusion-column-has-shadow fusion-flex-justify-content-flex-start fusion-content-layout-column\"><div class=\"fusion-image-carousel fusion-image-carousel-auto fusion-image-carousel-1 fusion-carousel-border\"><div class=\"awb-carousel awb-swiper awb-swiper-carousel\" data-autoplay=\"yes\" data-columns=\"1\" data-itemmargin=\"1\" data-itemwidth=\"180\" data-touchscroll=\"no\" data-imagesize=\"auto\" style=\"--awb-columns:1;--awb-column-spacing:1px;\"><div class=\"swiper-wrapper awb-image-carousel-wrapper fusion-flex-align-items-center\"><div class=\"swiper-slide\"><div class=\"fusion-carousel-item-wrapper\"><div class=\"fusion-image-wrapper hover-type-none\"><img decoding=\"async\" width=\"1600\" height=\"1067\" src=\"https:\/\/sfgrs.de\/wordpress\/wp-content\/uploads\/2025\/09\/Ehemaligenkonzert-1.png\" class=\"attachment-full size-full\" alt=\"\" srcset=\"https:\/\/sfgrs.de\/wordpress\/wp-content\/uploads\/2025\/09\/Ehemaligenkonzert-1-200x133.png 200w, https:\/\/sfgrs.de\/wordpress\/wp-content\/uploads\/2025\/09\/Ehemaligenkonzert-1-300x200.png 300w, https:\/\/sfgrs.de\/wordpress\/wp-content\/uploads\/2025\/09\/Ehemaligenkonzert-1-400x267.png 400w, https:\/\/sfgrs.de\/wordpress\/wp-content\/uploads\/2025\/09\/Ehemaligenkonzert-1-600x400.png 600w, https:\/\/sfgrs.de\/wordpress\/wp-content\/uploads\/2025\/09\/Ehemaligenkonzert-1-768x512.png 768w, https:\/\/sfgrs.de\/wordpress\/wp-content\/uploads\/2025\/09\/Ehemaligenkonzert-1-800x534.png 800w, https:\/\/sfgrs.de\/wordpress\/wp-content\/uploads\/2025\/09\/Ehemaligenkonzert-1-1024x683.png 1024w, https:\/\/sfgrs.de\/wordpress\/wp-content\/uploads\/2025\/09\/Ehemaligenkonzert-1-1200x800.png 1200w, https:\/\/sfgrs.de\/wordpress\/wp-content\/uploads\/2025\/09\/Ehemaligenkonzert-1-1320x880.png 1320w, https:\/\/sfgrs.de\/wordpress\/wp-content\/uploads\/2025\/09\/Ehemaligenkonzert-1-1536x1024.png 1536w, https:\/\/sfgrs.de\/wordpress\/wp-content\/uploads\/2025\/09\/Ehemaligenkonzert-1.png 1600w\" sizes=\"(max-width: 1600px) 100vw, 1600px\" \/><\/div><\/div><\/div><div class=\"swiper-slide\"><div class=\"fusion-carousel-item-wrapper\"><div class=\"fusion-image-wrapper hover-type-none\"><img decoding=\"async\" width=\"1600\" height=\"1067\" src=\"https:\/\/sfgrs.de\/wordpress\/wp-content\/uploads\/2025\/09\/Ehemaligenkonzert-2.png\" class=\"attachment-full size-full\" alt=\"\" srcset=\"https:\/\/sfgrs.de\/wordpress\/wp-content\/uploads\/2025\/09\/Ehemaligenkonzert-2-200x133.png 200w, https:\/\/sfgrs.de\/wordpress\/wp-content\/uploads\/2025\/09\/Ehemaligenkonzert-2-300x200.png 300w, https:\/\/sfgrs.de\/wordpress\/wp-content\/uploads\/2025\/09\/Ehemaligenkonzert-2-400x267.png 400w, https:\/\/sfgrs.de\/wordpress\/wp-content\/uploads\/2025\/09\/Ehemaligenkonzert-2-600x400.png 600w, https:\/\/sfgrs.de\/wordpress\/wp-content\/uploads\/2025\/09\/Ehemaligenkonzert-2-768x512.png 768w, https:\/\/sfgrs.de\/wordpress\/wp-content\/uploads\/2025\/09\/Ehemaligenkonzert-2-800x534.png 800w, https:\/\/sfgrs.de\/wordpress\/wp-content\/uploads\/2025\/09\/Ehemaligenkonzert-2-1024x683.png 1024w, https:\/\/sfgrs.de\/wordpress\/wp-content\/uploads\/2025\/09\/Ehemaligenkonzert-2-1200x800.png 1200w, https:\/\/sfgrs.de\/wordpress\/wp-content\/uploads\/2025\/09\/Ehemaligenkonzert-2-1320x880.png 1320w, https:\/\/sfgrs.de\/wordpress\/wp-content\/uploads\/2025\/09\/Ehemaligenkonzert-2-1536x1024.png 1536w, https:\/\/sfgrs.de\/wordpress\/wp-content\/uploads\/2025\/09\/Ehemaligenkonzert-2.png 1600w\" sizes=\"(max-width: 1600px) 100vw, 1600px\" \/><\/div><\/div><\/div><div class=\"swiper-slide\"><div class=\"fusion-carousel-item-wrapper\"><div class=\"fusion-image-wrapper hover-type-none\"><img decoding=\"async\" width=\"1600\" height=\"1067\" src=\"https:\/\/sfgrs.de\/wordpress\/wp-content\/uploads\/2025\/09\/Ehemaligenkonzert-3.png\" class=\"attachment-full size-full\" alt=\"\" srcset=\"https:\/\/sfgrs.de\/wordpress\/wp-content\/uploads\/2025\/09\/Ehemaligenkonzert-3-200x133.png 200w, https:\/\/sfgrs.de\/wordpress\/wp-content\/uploads\/2025\/09\/Ehemaligenkonzert-3-300x200.png 300w, https:\/\/sfgrs.de\/wordpress\/wp-content\/uploads\/2025\/09\/Ehemaligenkonzert-3-400x267.png 400w, https:\/\/sfgrs.de\/wordpress\/wp-content\/uploads\/2025\/09\/Ehemaligenkonzert-3-600x400.png 600w, https:\/\/sfgrs.de\/wordpress\/wp-content\/uploads\/2025\/09\/Ehemaligenkonzert-3-768x512.png 768w, https:\/\/sfgrs.de\/wordpress\/wp-content\/uploads\/2025\/09\/Ehemaligenkonzert-3-800x534.png 800w, https:\/\/sfgrs.de\/wordpress\/wp-content\/uploads\/2025\/09\/Ehemaligenkonzert-3-1024x683.png 1024w, https:\/\/sfgrs.de\/wordpress\/wp-content\/uploads\/2025\/09\/Ehemaligenkonzert-3-1200x800.png 1200w, https:\/\/sfgrs.de\/wordpress\/wp-content\/uploads\/2025\/09\/Ehemaligenkonzert-3-1320x880.png 1320w, https:\/\/sfgrs.de\/wordpress\/wp-content\/uploads\/2025\/09\/Ehemaligenkonzert-3-1536x1024.png 1536w, https:\/\/sfgrs.de\/wordpress\/wp-content\/uploads\/2025\/09\/Ehemaligenkonzert-3.png 1600w\" sizes=\"(max-width: 1600px) 100vw, 1600px\" \/><\/div><\/div><\/div><\/div><\/div><\/div><\/div><\/div><div class=\"fusion-layout-column fusion_builder_column fusion-builder-column-1 fusion_builder_column_1_2 1_2 fusion-flex-column\" style=\"--awb-bg-size:cover;--awb-width-large:50%;--awb-margin-top-large:0px;--awb-spacing-right-large:3.84%;--awb-margin-bottom-large:20px;--awb-spacing-left-large:3.84%;--awb-width-medium:100%;--awb-order-medium:0;--awb-spacing-right-medium:1.92%;--awb-spacing-left-medium:1.92%;--awb-width-small:100%;--awb-order-small:0;--awb-spacing-right-small:1.92%;--awb-spacing-left-small:1.92%;\"><div class=\"fusion-column-wrapper fusion-column-has-shadow fusion-flex-justify-content-flex-start fusion-content-layout-column\"><div class=\"fusion-text fusion-text-1\"><p>Bereits die erste Probe war ein voller Erfolg!<\/p>\n<p>Knapp 20 Musikerinnen der vergangenen 50 Jahre trafen sich am Samstag, dem 20. September 2025, von 10 bis 12.30 Uhr im Musiksaal zur ersten Probe, um das <strong>Konzert des Ehemaligen-Orchesters<\/strong> f\u00fcr den <strong>Tag der Ehemaligen<\/strong> am <strong>Samstag<\/strong>, dem <strong>27. September 2025<\/strong>, um <strong>12 Uhr<\/strong> in der <strong>Franziskushalle <\/strong>vorzubereiten.<\/p>\n<p>Freudige &#8222;Wiedersehens-Hallos&#8220; erf\u00fcllten den Raum!<br \/>\nKonzentriert, aber mit viel Spielfreude, arbeiteten die ehemaligen Musikerinnen des Gro\u00dfen Orchesters unter ihrer Dirigentin, Frau Brigitte Gemmecker-Gropp, der ehemaligen Leiterin des Gro\u00dfen Orchesters an verschiedenen Orchesterst\u00fccken.<\/p>\n<p>Das Projekt ist nach den Jahren 2018 und 2023 bereits das dritte dieser Art!<\/p>\n<p>Man kann gespannt sein auf das Konzert am kommenden Samstag um 12 Uhr beim Tag der Ehemaligen, denn f\u00fcr die n\u00e4chste Probe und das Konzert haben sich zus\u00e4tzlich zu den &#8222;in der N\u00e4he Wohnenden&#8220; noch weitere Musikerinnen angesagt, die aus weiter Ferne extra f\u00fcr diesen Tag nach Kaiserslautern kommen werden.<\/p>\n<p>ALLE sind zu diesem besonderen Konzert herzlich eingeladen!<\/p>\n<p>Wir freuen uns auf Euer und Ihr Kommen!<\/p>\n<p><em>Text: Andrea Liese, Photos:\u00a9 Markus Schubert<\/em><\/p>\n<\/div><\/div><\/div><\/div><\/div>\n","protected":false},"excerpt":{"rendered":"","protected":false},"author":14,"featured_media":12788,"comment_status":"open","ping_status":"open","sticky":false,"template":"","format":"standard","meta":{"footnotes":""},"categories":[1],"tags":[],"class_list":["post-12790","post","type-post","status-publish","format-standard","has-post-thumbnail","hentry","category-allgemein"],"_links":{"self":[{"href":"https:\/\/sfgrs.de\/wordpress\/index.php\/wp-json\/wp\/v2\/posts\/12790","targetHints":{"allow":["GET"]}}],"collection":[{"href":"https:\/\/sfgrs.de\/wordpress\/index.php\/wp-json\/wp\/v2\/posts"}],"about":[{"href":"https:\/\/sfgrs.de\/wordpress\/index.php\/wp-json\/wp\/v2\/types\/post"}],"author":[{"embeddable":true,"href":"https:\/\/sfgrs.de\/wordpress\/index.php\/wp-json\/wp\/v2\/users\/14"}],"replies":[{"embeddable":true,"href":"https:\/\/sfgrs.de\/wordpress\/index.php\/wp-json\/wp\/v2\/comments?post=12790"}],"version-history":[{"count":1,"href":"https:\/\/sfgrs.de\/wordpress\/index.php\/wp-json\/wp\/v2\/posts\/12790\/revisions"}],"predecessor-version":[{"id":12791,"href":"https:\/\/sfgrs.de\/wordpress\/index.php\/wp-json\/wp\/v2\/posts\/12790\/revisions\/12791"}],"wp:featuredmedia":[{"embeddable":true,"href":"https:\/\/sfgrs.de\/wordpress\/index.php\/wp-json\/wp\/v2\/media\/12788"}],"wp:attachment":[{"href":"https:\/\/sfgrs.de\/wordpress\/index.php\/wp-json\/wp\/v2\/media?parent=12790"}],"wp:term":[{"taxonomy":"category","embeddable":true,"href":"https:\/\/sfgrs.de\/wordpress\/index.php\/wp-json\/wp\/v2\/categories?post=12790"},{"taxonomy":"post_tag","embeddable":true,"href":"https:\/\/sfgrs.de\/wordpress\/index.php\/wp-json\/wp\/v2\/tags?post=12790"}],"curies":[{"name":"wp","href":"https:\/\/api.w.org\/{rel}","templated":true}]}}