{"id":12838,"date":"2025-10-13T11:08:22","date_gmt":"2025-10-13T09:08:22","guid":{"rendered":"https:\/\/sfgrs.de\/wordpress\/?p=12838"},"modified":"2025-10-13T11:08:22","modified_gmt":"2025-10-13T09:08:22","slug":"zum-dritten-mal-digitale-schule","status":"publish","type":"post","link":"https:\/\/sfgrs.de\/wordpress\/index.php\/2025\/10\/13\/zum-dritten-mal-digitale-schule\/","title":{"rendered":"Zum dritten Mal digitale Schule"},"content":{"rendered":"<div class=\"fusion-fullwidth fullwidth-box fusion-builder-row-1 fusion-flex-container has-pattern-background has-mask-background nonhundred-percent-fullwidth non-hundred-percent-height-scrolling\" style=\"--awb-border-radius-top-left:0px;--awb-border-radius-top-right:0px;--awb-border-radius-bottom-right:0px;--awb-border-radius-bottom-left:0px;--awb-flex-wrap:wrap;\" ><div class=\"fusion-builder-row fusion-row fusion-flex-align-items-flex-start fusion-flex-content-wrap\" style=\"max-width:1456px;margin-left: calc(-4% \/ 2 );margin-right: calc(-4% \/ 2 );\"><div class=\"fusion-layout-column fusion_builder_column fusion-builder-column-0 fusion_builder_column_1_2 1_2 fusion-flex-column\" style=\"--awb-bg-size:cover;--awb-width-large:50%;--awb-margin-top-large:0px;--awb-spacing-right-large:3.84%;--awb-margin-bottom-large:20px;--awb-spacing-left-large:3.84%;--awb-width-medium:100%;--awb-order-medium:0;--awb-spacing-right-medium:1.92%;--awb-spacing-left-medium:1.92%;--awb-width-small:100%;--awb-order-small:0;--awb-spacing-right-small:1.92%;--awb-spacing-left-small:1.92%;\"><div class=\"fusion-column-wrapper fusion-column-has-shadow fusion-flex-justify-content-flex-start fusion-content-layout-column\"><div class=\"fusion-image-carousel fusion-image-carousel-auto fusion-image-carousel-1 fusion-carousel-border\"><div class=\"awb-carousel awb-swiper awb-swiper-carousel\" data-autoplay=\"yes\" data-columns=\"1\" data-itemmargin=\"1\" data-itemwidth=\"180\" data-touchscroll=\"no\" data-imagesize=\"auto\" style=\"--awb-columns:1;--awb-column-spacing:1px;\"><div class=\"swiper-wrapper awb-image-carousel-wrapper fusion-flex-align-items-center\"><div class=\"swiper-slide\"><div class=\"fusion-carousel-item-wrapper\"><div class=\"fusion-image-wrapper hover-type-none\"><img decoding=\"async\" width=\"2560\" height=\"1707\" src=\"https:\/\/sfgrs.de\/wordpress\/wp-content\/uploads\/2025\/10\/digitale-Schule-1-scaled.png\" class=\"attachment-full size-full\" alt=\"\" srcset=\"https:\/\/sfgrs.de\/wordpress\/wp-content\/uploads\/2025\/10\/digitale-Schule-1-200x133.png 200w, https:\/\/sfgrs.de\/wordpress\/wp-content\/uploads\/2025\/10\/digitale-Schule-1-300x200.png 300w, https:\/\/sfgrs.de\/wordpress\/wp-content\/uploads\/2025\/10\/digitale-Schule-1-400x267.png 400w, https:\/\/sfgrs.de\/wordpress\/wp-content\/uploads\/2025\/10\/digitale-Schule-1-600x400.png 600w, https:\/\/sfgrs.de\/wordpress\/wp-content\/uploads\/2025\/10\/digitale-Schule-1-768x512.png 768w, https:\/\/sfgrs.de\/wordpress\/wp-content\/uploads\/2025\/10\/digitale-Schule-1-800x533.png 800w, https:\/\/sfgrs.de\/wordpress\/wp-content\/uploads\/2025\/10\/digitale-Schule-1-1024x683.png 1024w, https:\/\/sfgrs.de\/wordpress\/wp-content\/uploads\/2025\/10\/digitale-Schule-1-1200x800.png 1200w, https:\/\/sfgrs.de\/wordpress\/wp-content\/uploads\/2025\/10\/digitale-Schule-1-1320x880.png 1320w, https:\/\/sfgrs.de\/wordpress\/wp-content\/uploads\/2025\/10\/digitale-Schule-1-1536x1024.png 1536w, https:\/\/sfgrs.de\/wordpress\/wp-content\/uploads\/2025\/10\/digitale-Schule-1-scaled.png 2560w\" sizes=\"(max-width: 2560px) 100vw, 2560px\" \/><\/div><\/div><\/div><div class=\"swiper-slide\"><div class=\"fusion-carousel-item-wrapper\"><div class=\"fusion-image-wrapper hover-type-none\"><img decoding=\"async\" width=\"2016\" height=\"1344\" src=\"https:\/\/sfgrs.de\/wordpress\/wp-content\/uploads\/2025\/10\/digitale-Schule-2.png\" class=\"attachment-full size-full\" alt=\"\" srcset=\"https:\/\/sfgrs.de\/wordpress\/wp-content\/uploads\/2025\/10\/digitale-Schule-2-200x133.png 200w, https:\/\/sfgrs.de\/wordpress\/wp-content\/uploads\/2025\/10\/digitale-Schule-2-300x200.png 300w, https:\/\/sfgrs.de\/wordpress\/wp-content\/uploads\/2025\/10\/digitale-Schule-2-400x267.png 400w, https:\/\/sfgrs.de\/wordpress\/wp-content\/uploads\/2025\/10\/digitale-Schule-2-600x400.png 600w, https:\/\/sfgrs.de\/wordpress\/wp-content\/uploads\/2025\/10\/digitale-Schule-2-768x512.png 768w, https:\/\/sfgrs.de\/wordpress\/wp-content\/uploads\/2025\/10\/digitale-Schule-2-800x533.png 800w, https:\/\/sfgrs.de\/wordpress\/wp-content\/uploads\/2025\/10\/digitale-Schule-2-1024x683.png 1024w, https:\/\/sfgrs.de\/wordpress\/wp-content\/uploads\/2025\/10\/digitale-Schule-2-1200x800.png 1200w, https:\/\/sfgrs.de\/wordpress\/wp-content\/uploads\/2025\/10\/digitale-Schule-2-1320x880.png 1320w, https:\/\/sfgrs.de\/wordpress\/wp-content\/uploads\/2025\/10\/digitale-Schule-2-1536x1024.png 1536w, https:\/\/sfgrs.de\/wordpress\/wp-content\/uploads\/2025\/10\/digitale-Schule-2.png 2016w\" sizes=\"(max-width: 2016px) 100vw, 2016px\" \/><\/div><\/div><\/div><\/div><\/div><\/div><\/div><\/div><div class=\"fusion-layout-column fusion_builder_column fusion-builder-column-1 fusion_builder_column_1_2 1_2 fusion-flex-column\" style=\"--awb-bg-size:cover;--awb-width-large:50%;--awb-margin-top-large:0px;--awb-spacing-right-large:3.84%;--awb-margin-bottom-large:20px;--awb-spacing-left-large:3.84%;--awb-width-medium:100%;--awb-order-medium:0;--awb-spacing-right-medium:1.92%;--awb-spacing-left-medium:1.92%;--awb-width-small:100%;--awb-order-small:0;--awb-spacing-right-small:1.92%;--awb-spacing-left-small:1.92%;\"><div class=\"fusion-column-wrapper fusion-column-has-shadow fusion-flex-justify-content-flex-start fusion-content-layout-column\"><div class=\"fusion-text fusion-text-1\"><p>Das St. Franziskus ist zum dritten Mal als digitale Schule ausgezeichnet worden. Stellvertretend f\u00fcr alle, die an diesem gro\u00dfen Erfolg mitgewirkt haben, nahm Herr K\u00fchrt die Urkunde aus den H\u00e4nden des Ministers f\u00fcr Bildung, Herrn Teuber, entgegen. Mit dieser Auszeichnung ist auch unser Profil als MINT-Schule weiter gest\u00e4rkt.<\/p>\n<p><em>F. Bernhardt<\/em><\/p>\n<\/div><\/div><\/div><\/div><\/div>\n","protected":false},"excerpt":{"rendered":"","protected":false},"author":14,"featured_media":12836,"comment_status":"open","ping_status":"open","sticky":false,"template":"","format":"standard","meta":{"footnotes":""},"categories":[1],"tags":[],"class_list":["post-12838","post","type-post","status-publish","format-standard","has-post-thumbnail","hentry","category-allgemein"],"_links":{"self":[{"href":"https:\/\/sfgrs.de\/wordpress\/index.php\/wp-json\/wp\/v2\/posts\/12838","targetHints":{"allow":["GET"]}}],"collection":[{"href":"https:\/\/sfgrs.de\/wordpress\/index.php\/wp-json\/wp\/v2\/posts"}],"about":[{"href":"https:\/\/sfgrs.de\/wordpress\/index.php\/wp-json\/wp\/v2\/types\/post"}],"author":[{"embeddable":true,"href":"https:\/\/sfgrs.de\/wordpress\/index.php\/wp-json\/wp\/v2\/users\/14"}],"replies":[{"embeddable":true,"href":"https:\/\/sfgrs.de\/wordpress\/index.php\/wp-json\/wp\/v2\/comments?post=12838"}],"version-history":[{"count":1,"href":"https:\/\/sfgrs.de\/wordpress\/index.php\/wp-json\/wp\/v2\/posts\/12838\/revisions"}],"predecessor-version":[{"id":12839,"href":"https:\/\/sfgrs.de\/wordpress\/index.php\/wp-json\/wp\/v2\/posts\/12838\/revisions\/12839"}],"wp:featuredmedia":[{"embeddable":true,"href":"https:\/\/sfgrs.de\/wordpress\/index.php\/wp-json\/wp\/v2\/media\/12836"}],"wp:attachment":[{"href":"https:\/\/sfgrs.de\/wordpress\/index.php\/wp-json\/wp\/v2\/media?parent=12838"}],"wp:term":[{"taxonomy":"category","embeddable":true,"href":"https:\/\/sfgrs.de\/wordpress\/index.php\/wp-json\/wp\/v2\/categories?post=12838"},{"taxonomy":"post_tag","embeddable":true,"href":"https:\/\/sfgrs.de\/wordpress\/index.php\/wp-json\/wp\/v2\/tags?post=12838"}],"curies":[{"name":"wp","href":"https:\/\/api.w.org\/{rel}","templated":true}]}}