{"id":12849,"date":"2025-10-13T11:38:59","date_gmt":"2025-10-13T09:38:59","guid":{"rendered":"https:\/\/sfgrs.de\/wordpress\/?p=12849"},"modified":"2025-10-13T11:38:59","modified_gmt":"2025-10-13T09:38:59","slug":"sozialer-tag-am-st-franziskus-die-welt-ein-kleines-stueck-besser-machen","status":"publish","type":"post","link":"https:\/\/sfgrs.de\/wordpress\/index.php\/2025\/10\/13\/sozialer-tag-am-st-franziskus-die-welt-ein-kleines-stueck-besser-machen\/","title":{"rendered":"Sozialer Tag am St. Franziskus &#8211; Die Welt ein kleines St\u00fcck besser machen"},"content":{"rendered":"<div class=\"fusion-fullwidth fullwidth-box fusion-builder-row-1 fusion-flex-container has-pattern-background has-mask-background nonhundred-percent-fullwidth non-hundred-percent-height-scrolling\" style=\"--awb-border-radius-top-left:0px;--awb-border-radius-top-right:0px;--awb-border-radius-bottom-right:0px;--awb-border-radius-bottom-left:0px;--awb-flex-wrap:wrap;\" ><div class=\"fusion-builder-row fusion-row fusion-flex-align-items-flex-start fusion-flex-content-wrap\" style=\"max-width:1456px;margin-left: calc(-4% \/ 2 );margin-right: calc(-4% \/ 2 );\"><div class=\"fusion-layout-column fusion_builder_column fusion-builder-column-0 fusion_builder_column_1_2 1_2 fusion-flex-column\" style=\"--awb-bg-size:cover;--awb-width-large:50%;--awb-margin-top-large:0px;--awb-spacing-right-large:3.84%;--awb-margin-bottom-large:20px;--awb-spacing-left-large:3.84%;--awb-width-medium:100%;--awb-order-medium:0;--awb-spacing-right-medium:1.92%;--awb-spacing-left-medium:1.92%;--awb-width-small:100%;--awb-order-small:0;--awb-spacing-right-small:1.92%;--awb-spacing-left-small:1.92%;\"><div class=\"fusion-column-wrapper fusion-column-has-shadow fusion-flex-justify-content-flex-start fusion-content-layout-column\"><div class=\"fusion-image-carousel fusion-image-carousel-auto fusion-image-carousel-1 fusion-carousel-border\"><div class=\"awb-carousel awb-swiper awb-swiper-carousel\" data-autoplay=\"yes\" data-columns=\"1\" data-itemmargin=\"1\" data-itemwidth=\"180\" data-touchscroll=\"no\" data-imagesize=\"auto\" style=\"--awb-columns:1;--awb-column-spacing:1px;\"><div class=\"swiper-wrapper awb-image-carousel-wrapper fusion-flex-align-items-center\"><div class=\"swiper-slide\"><div class=\"fusion-carousel-item-wrapper\"><div class=\"fusion-image-wrapper hover-type-none\"><img decoding=\"async\" width=\"1280\" height=\"853\" src=\"https:\/\/sfgrs.de\/wordpress\/wp-content\/uploads\/2025\/10\/Soz.-Tag-1.png\" class=\"attachment-full size-full\" alt=\"\" srcset=\"https:\/\/sfgrs.de\/wordpress\/wp-content\/uploads\/2025\/10\/Soz.-Tag-1-200x133.png 200w, https:\/\/sfgrs.de\/wordpress\/wp-content\/uploads\/2025\/10\/Soz.-Tag-1-300x200.png 300w, https:\/\/sfgrs.de\/wordpress\/wp-content\/uploads\/2025\/10\/Soz.-Tag-1-400x267.png 400w, https:\/\/sfgrs.de\/wordpress\/wp-content\/uploads\/2025\/10\/Soz.-Tag-1-600x400.png 600w, https:\/\/sfgrs.de\/wordpress\/wp-content\/uploads\/2025\/10\/Soz.-Tag-1-768x512.png 768w, https:\/\/sfgrs.de\/wordpress\/wp-content\/uploads\/2025\/10\/Soz.-Tag-1-800x533.png 800w, https:\/\/sfgrs.de\/wordpress\/wp-content\/uploads\/2025\/10\/Soz.-Tag-1-1024x682.png 1024w, https:\/\/sfgrs.de\/wordpress\/wp-content\/uploads\/2025\/10\/Soz.-Tag-1-1200x800.png 1200w, https:\/\/sfgrs.de\/wordpress\/wp-content\/uploads\/2025\/10\/Soz.-Tag-1.png 1280w\" sizes=\"(max-width: 1280px) 100vw, 1280px\" \/><\/div><\/div><\/div><div class=\"swiper-slide\"><div class=\"fusion-carousel-item-wrapper\"><div class=\"fusion-image-wrapper hover-type-none\"><img decoding=\"async\" width=\"1280\" height=\"853\" src=\"https:\/\/sfgrs.de\/wordpress\/wp-content\/uploads\/2025\/10\/Soz.-Tag-2.png\" class=\"attachment-full size-full\" alt=\"\" srcset=\"https:\/\/sfgrs.de\/wordpress\/wp-content\/uploads\/2025\/10\/Soz.-Tag-2-200x133.png 200w, https:\/\/sfgrs.de\/wordpress\/wp-content\/uploads\/2025\/10\/Soz.-Tag-2-300x200.png 300w, https:\/\/sfgrs.de\/wordpress\/wp-content\/uploads\/2025\/10\/Soz.-Tag-2-400x267.png 400w, https:\/\/sfgrs.de\/wordpress\/wp-content\/uploads\/2025\/10\/Soz.-Tag-2-600x400.png 600w, https:\/\/sfgrs.de\/wordpress\/wp-content\/uploads\/2025\/10\/Soz.-Tag-2-768x512.png 768w, https:\/\/sfgrs.de\/wordpress\/wp-content\/uploads\/2025\/10\/Soz.-Tag-2-800x533.png 800w, https:\/\/sfgrs.de\/wordpress\/wp-content\/uploads\/2025\/10\/Soz.-Tag-2-1024x682.png 1024w, https:\/\/sfgrs.de\/wordpress\/wp-content\/uploads\/2025\/10\/Soz.-Tag-2-1200x800.png 1200w, https:\/\/sfgrs.de\/wordpress\/wp-content\/uploads\/2025\/10\/Soz.-Tag-2.png 1280w\" sizes=\"(max-width: 1280px) 100vw, 1280px\" \/><\/div><\/div><\/div><div class=\"swiper-slide\"><div class=\"fusion-carousel-item-wrapper\"><div class=\"fusion-image-wrapper hover-type-none\"><img decoding=\"async\" width=\"963\" height=\"642\" src=\"https:\/\/sfgrs.de\/wordpress\/wp-content\/uploads\/2025\/10\/Soz.-Tag-3.png\" class=\"attachment-full size-full\" alt=\"\" srcset=\"https:\/\/sfgrs.de\/wordpress\/wp-content\/uploads\/2025\/10\/Soz.-Tag-3-200x133.png 200w, https:\/\/sfgrs.de\/wordpress\/wp-content\/uploads\/2025\/10\/Soz.-Tag-3-300x200.png 300w, https:\/\/sfgrs.de\/wordpress\/wp-content\/uploads\/2025\/10\/Soz.-Tag-3-400x267.png 400w, https:\/\/sfgrs.de\/wordpress\/wp-content\/uploads\/2025\/10\/Soz.-Tag-3-600x400.png 600w, https:\/\/sfgrs.de\/wordpress\/wp-content\/uploads\/2025\/10\/Soz.-Tag-3-768x512.png 768w, https:\/\/sfgrs.de\/wordpress\/wp-content\/uploads\/2025\/10\/Soz.-Tag-3-800x533.png 800w, https:\/\/sfgrs.de\/wordpress\/wp-content\/uploads\/2025\/10\/Soz.-Tag-3.png 963w\" sizes=\"(max-width: 963px) 100vw, 963px\" \/><\/div><\/div><\/div><div class=\"swiper-slide\"><div class=\"fusion-carousel-item-wrapper\"><div class=\"fusion-image-wrapper hover-type-none\"><img decoding=\"async\" width=\"1280\" height=\"853\" src=\"https:\/\/sfgrs.de\/wordpress\/wp-content\/uploads\/2025\/10\/Soz.-Tag-4.png\" class=\"attachment-full size-full\" alt=\"\" srcset=\"https:\/\/sfgrs.de\/wordpress\/wp-content\/uploads\/2025\/10\/Soz.-Tag-4-200x133.png 200w, https:\/\/sfgrs.de\/wordpress\/wp-content\/uploads\/2025\/10\/Soz.-Tag-4-300x200.png 300w, https:\/\/sfgrs.de\/wordpress\/wp-content\/uploads\/2025\/10\/Soz.-Tag-4-400x267.png 400w, https:\/\/sfgrs.de\/wordpress\/wp-content\/uploads\/2025\/10\/Soz.-Tag-4-600x400.png 600w, https:\/\/sfgrs.de\/wordpress\/wp-content\/uploads\/2025\/10\/Soz.-Tag-4-768x512.png 768w, https:\/\/sfgrs.de\/wordpress\/wp-content\/uploads\/2025\/10\/Soz.-Tag-4-800x533.png 800w, https:\/\/sfgrs.de\/wordpress\/wp-content\/uploads\/2025\/10\/Soz.-Tag-4-1024x682.png 1024w, https:\/\/sfgrs.de\/wordpress\/wp-content\/uploads\/2025\/10\/Soz.-Tag-4-1200x800.png 1200w, https:\/\/sfgrs.de\/wordpress\/wp-content\/uploads\/2025\/10\/Soz.-Tag-4.png 1280w\" sizes=\"(max-width: 1280px) 100vw, 1280px\" \/><\/div><\/div><\/div><div class=\"swiper-slide\"><div class=\"fusion-carousel-item-wrapper\"><div class=\"fusion-image-wrapper hover-type-none\"><img decoding=\"async\" width=\"1280\" height=\"853\" src=\"https:\/\/sfgrs.de\/wordpress\/wp-content\/uploads\/2025\/10\/Soz.-Tag-5.png\" class=\"attachment-full size-full\" alt=\"\" srcset=\"https:\/\/sfgrs.de\/wordpress\/wp-content\/uploads\/2025\/10\/Soz.-Tag-5-200x133.png 200w, https:\/\/sfgrs.de\/wordpress\/wp-content\/uploads\/2025\/10\/Soz.-Tag-5-300x200.png 300w, https:\/\/sfgrs.de\/wordpress\/wp-content\/uploads\/2025\/10\/Soz.-Tag-5-400x267.png 400w, https:\/\/sfgrs.de\/wordpress\/wp-content\/uploads\/2025\/10\/Soz.-Tag-5-600x400.png 600w, https:\/\/sfgrs.de\/wordpress\/wp-content\/uploads\/2025\/10\/Soz.-Tag-5-768x512.png 768w, https:\/\/sfgrs.de\/wordpress\/wp-content\/uploads\/2025\/10\/Soz.-Tag-5-800x533.png 800w, https:\/\/sfgrs.de\/wordpress\/wp-content\/uploads\/2025\/10\/Soz.-Tag-5-1024x682.png 1024w, https:\/\/sfgrs.de\/wordpress\/wp-content\/uploads\/2025\/10\/Soz.-Tag-5-1200x800.png 1200w, https:\/\/sfgrs.de\/wordpress\/wp-content\/uploads\/2025\/10\/Soz.-Tag-5.png 1280w\" sizes=\"(max-width: 1280px) 100vw, 1280px\" \/><\/div><\/div><\/div><div class=\"swiper-slide\"><div class=\"fusion-carousel-item-wrapper\"><div class=\"fusion-image-wrapper hover-type-none\"><img decoding=\"async\" width=\"2560\" height=\"1707\" src=\"https:\/\/sfgrs.de\/wordpress\/wp-content\/uploads\/2025\/10\/Soz.-Tag-6-scaled.png\" class=\"attachment-full size-full\" alt=\"\" srcset=\"https:\/\/sfgrs.de\/wordpress\/wp-content\/uploads\/2025\/10\/Soz.-Tag-6-200x133.png 200w, https:\/\/sfgrs.de\/wordpress\/wp-content\/uploads\/2025\/10\/Soz.-Tag-6-300x200.png 300w, https:\/\/sfgrs.de\/wordpress\/wp-content\/uploads\/2025\/10\/Soz.-Tag-6-400x267.png 400w, https:\/\/sfgrs.de\/wordpress\/wp-content\/uploads\/2025\/10\/Soz.-Tag-6-600x400.png 600w, https:\/\/sfgrs.de\/wordpress\/wp-content\/uploads\/2025\/10\/Soz.-Tag-6-768x512.png 768w, https:\/\/sfgrs.de\/wordpress\/wp-content\/uploads\/2025\/10\/Soz.-Tag-6-800x533.png 800w, https:\/\/sfgrs.de\/wordpress\/wp-content\/uploads\/2025\/10\/Soz.-Tag-6-1024x683.png 1024w, https:\/\/sfgrs.de\/wordpress\/wp-content\/uploads\/2025\/10\/Soz.-Tag-6-1200x800.png 1200w, https:\/\/sfgrs.de\/wordpress\/wp-content\/uploads\/2025\/10\/Soz.-Tag-6-1320x880.png 1320w, https:\/\/sfgrs.de\/wordpress\/wp-content\/uploads\/2025\/10\/Soz.-Tag-6-1536x1024.png 1536w, https:\/\/sfgrs.de\/wordpress\/wp-content\/uploads\/2025\/10\/Soz.-Tag-6-scaled.png 2560w\" sizes=\"(max-width: 2560px) 100vw, 2560px\" \/><\/div><\/div><\/div><div class=\"swiper-slide\"><div class=\"fusion-carousel-item-wrapper\"><div class=\"fusion-image-wrapper hover-type-none\"><img decoding=\"async\" width=\"2560\" height=\"1707\" src=\"https:\/\/sfgrs.de\/wordpress\/wp-content\/uploads\/2025\/10\/Soz.-Tag-7-scaled.png\" class=\"attachment-full size-full\" alt=\"\" srcset=\"https:\/\/sfgrs.de\/wordpress\/wp-content\/uploads\/2025\/10\/Soz.-Tag-7-200x133.png 200w, https:\/\/sfgrs.de\/wordpress\/wp-content\/uploads\/2025\/10\/Soz.-Tag-7-300x200.png 300w, https:\/\/sfgrs.de\/wordpress\/wp-content\/uploads\/2025\/10\/Soz.-Tag-7-400x267.png 400w, https:\/\/sfgrs.de\/wordpress\/wp-content\/uploads\/2025\/10\/Soz.-Tag-7-600x400.png 600w, https:\/\/sfgrs.de\/wordpress\/wp-content\/uploads\/2025\/10\/Soz.-Tag-7-768x512.png 768w, https:\/\/sfgrs.de\/wordpress\/wp-content\/uploads\/2025\/10\/Soz.-Tag-7-800x533.png 800w, https:\/\/sfgrs.de\/wordpress\/wp-content\/uploads\/2025\/10\/Soz.-Tag-7-1024x683.png 1024w, https:\/\/sfgrs.de\/wordpress\/wp-content\/uploads\/2025\/10\/Soz.-Tag-7-1200x800.png 1200w, https:\/\/sfgrs.de\/wordpress\/wp-content\/uploads\/2025\/10\/Soz.-Tag-7-1320x880.png 1320w, https:\/\/sfgrs.de\/wordpress\/wp-content\/uploads\/2025\/10\/Soz.-Tag-7-1536x1024.png 1536w, https:\/\/sfgrs.de\/wordpress\/wp-content\/uploads\/2025\/10\/Soz.-Tag-7-scaled.png 2560w\" sizes=\"(max-width: 2560px) 100vw, 2560px\" \/><\/div><\/div><\/div><\/div><\/div><\/div><\/div><\/div><div class=\"fusion-layout-column fusion_builder_column fusion-builder-column-1 fusion_builder_column_1_2 1_2 fusion-flex-column\" style=\"--awb-bg-size:cover;--awb-width-large:50%;--awb-margin-top-large:0px;--awb-spacing-right-large:3.84%;--awb-margin-bottom-large:20px;--awb-spacing-left-large:3.84%;--awb-width-medium:100%;--awb-order-medium:0;--awb-spacing-right-medium:1.92%;--awb-spacing-left-medium:1.92%;--awb-width-small:100%;--awb-order-small:0;--awb-spacing-right-small:1.92%;--awb-spacing-left-small:1.92%;\"><div class=\"fusion-column-wrapper fusion-column-has-shadow fusion-flex-justify-content-flex-start fusion-content-layout-column\"><div class=\"fusion-text fusion-text-1\"><p>Am 29. September 2025 fand der diesj\u00e4hrige soziale Tag am St. Franziskus statt. Daf\u00fcr sammelten Sch\u00fclerinnen der 5. bis 8. Klassen f\u00fcr jedem Kilometer, den sie mit ihren Lehrkr\u00e4ften gewandert sind, Geld f\u00fcr einen guten Zweck. Die Klassenstufen 9 bis 12 f\u00fchrten einen Spendenlauf auf dem Sportgel\u00e4nde der Universit\u00e4t Kaiserslautern durch.<\/p>\n<p>Doch begonnen wurde der Tag mit einem gemeinsamen Impuls, an dem auch Schwestern der Dillinger Franziskanerinnen aus Indien, den USA, Brasilien und Deutschland teilnahmen. Sie alle berichteten uns von ihrer teils beschwerlichen und auch gef\u00e4hrlichen Arbeit mit Kindern und Jugendlichen in ihren Heimatl\u00e4ndern. Sie erm\u00f6glichen vielen Kindern und Jugendlichen mit ihrem Engagement und dem Betreiben von Schulen vielen Kindern den Erwerb von Bildung und damit die M\u00f6glichkeit, oftmals aus der vorhanden Armut zu entkommen. Viele bekommen auch einfach nur etwas zu essen. Vertieft wurden diese Aspekte noch anschlie\u00dfend in einer gemeinsamen Podiumsdiskussion, in der die Schwestern ihre Arbeit noch genauer vorstellen konnten und Fragen unserer Sch\u00fclerinnen beantworten konnten.<\/p>\n<p>So gehen die erlaufenen Spenden auch in die Projekte der Schwestern in ihren Heimatl\u00e4ndern.<\/p>\n<p>Herzlichen Dank an alle f\u00fcr ihr Engagement und ihre Bereitschaft, diese wichtigen Projekte zu unterst\u00fctzen.<\/p>\n<p><em>Text: F. Bernhardt<\/em><\/p>\n<\/div><\/div><\/div><\/div><\/div>\n","protected":false},"excerpt":{"rendered":"","protected":false},"author":14,"featured_media":12840,"comment_status":"open","ping_status":"open","sticky":false,"template":"","format":"standard","meta":{"footnotes":""},"categories":[1],"tags":[],"class_list":["post-12849","post","type-post","status-publish","format-standard","has-post-thumbnail","hentry","category-allgemein"],"_links":{"self":[{"href":"https:\/\/sfgrs.de\/wordpress\/index.php\/wp-json\/wp\/v2\/posts\/12849","targetHints":{"allow":["GET"]}}],"collection":[{"href":"https:\/\/sfgrs.de\/wordpress\/index.php\/wp-json\/wp\/v2\/posts"}],"about":[{"href":"https:\/\/sfgrs.de\/wordpress\/index.php\/wp-json\/wp\/v2\/types\/post"}],"author":[{"embeddable":true,"href":"https:\/\/sfgrs.de\/wordpress\/index.php\/wp-json\/wp\/v2\/users\/14"}],"replies":[{"embeddable":true,"href":"https:\/\/sfgrs.de\/wordpress\/index.php\/wp-json\/wp\/v2\/comments?post=12849"}],"version-history":[{"count":1,"href":"https:\/\/sfgrs.de\/wordpress\/index.php\/wp-json\/wp\/v2\/posts\/12849\/revisions"}],"predecessor-version":[{"id":12850,"href":"https:\/\/sfgrs.de\/wordpress\/index.php\/wp-json\/wp\/v2\/posts\/12849\/revisions\/12850"}],"wp:featuredmedia":[{"embeddable":true,"href":"https:\/\/sfgrs.de\/wordpress\/index.php\/wp-json\/wp\/v2\/media\/12840"}],"wp:attachment":[{"href":"https:\/\/sfgrs.de\/wordpress\/index.php\/wp-json\/wp\/v2\/media?parent=12849"}],"wp:term":[{"taxonomy":"category","embeddable":true,"href":"https:\/\/sfgrs.de\/wordpress\/index.php\/wp-json\/wp\/v2\/categories?post=12849"},{"taxonomy":"post_tag","embeddable":true,"href":"https:\/\/sfgrs.de\/wordpress\/index.php\/wp-json\/wp\/v2\/tags?post=12849"}],"curies":[{"name":"wp","href":"https:\/\/api.w.org\/{rel}","templated":true}]}}