{"id":13004,"date":"2026-01-06T11:03:37","date_gmt":"2026-01-06T10:03:37","guid":{"rendered":"https:\/\/sfgrs.de\/wordpress\/?p=13004"},"modified":"2026-01-06T11:04:15","modified_gmt":"2026-01-06T10:04:15","slug":"weihnachtskonzert-am-st-franziskus","status":"publish","type":"post","link":"https:\/\/sfgrs.de\/wordpress\/index.php\/2026\/01\/06\/weihnachtskonzert-am-st-franziskus\/","title":{"rendered":"Weihnachtskonzert am St. Franziskus"},"content":{"rendered":"<div class=\"fusion-fullwidth fullwidth-box fusion-builder-row-1 fusion-flex-container has-pattern-background has-mask-background nonhundred-percent-fullwidth non-hundred-percent-height-scrolling\" style=\"--awb-border-radius-top-left:0px;--awb-border-radius-top-right:0px;--awb-border-radius-bottom-right:0px;--awb-border-radius-bottom-left:0px;--awb-flex-wrap:wrap;\" ><div class=\"fusion-builder-row fusion-row fusion-flex-align-items-flex-start fusion-flex-content-wrap\" style=\"max-width:1456px;margin-left: calc(-4% \/ 2 );margin-right: calc(-4% \/ 2 );\"><div class=\"fusion-layout-column fusion_builder_column fusion-builder-column-0 fusion_builder_column_1_2 1_2 fusion-flex-column\" style=\"--awb-bg-size:cover;--awb-width-large:50%;--awb-margin-top-large:0px;--awb-spacing-right-large:3.84%;--awb-margin-bottom-large:20px;--awb-spacing-left-large:3.84%;--awb-width-medium:100%;--awb-order-medium:0;--awb-spacing-right-medium:1.92%;--awb-spacing-left-medium:1.92%;--awb-width-small:100%;--awb-order-small:0;--awb-spacing-right-small:1.92%;--awb-spacing-left-small:1.92%;\"><div class=\"fusion-column-wrapper fusion-column-has-shadow fusion-flex-justify-content-flex-start fusion-content-layout-column\"><div class=\"fusion-image-carousel fusion-image-carousel-auto fusion-image-carousel-1 fusion-carousel-border\"><div class=\"awb-carousel awb-swiper awb-swiper-carousel\" data-autoplay=\"yes\" data-columns=\"1\" data-itemmargin=\"1\" data-itemwidth=\"180\" data-touchscroll=\"no\" data-imagesize=\"auto\" style=\"--awb-columns:1;--awb-column-spacing:1px;\"><div class=\"swiper-wrapper awb-image-carousel-wrapper fusion-flex-align-items-center\"><div class=\"swiper-slide\"><div class=\"fusion-carousel-item-wrapper\"><div class=\"fusion-image-wrapper hover-type-none\"><img decoding=\"async\" width=\"1280\" height=\"854\" src=\"https:\/\/sfgrs.de\/wordpress\/wp-content\/uploads\/2025\/12\/Weihnachtskonzert1.png\" class=\"attachment-full size-full\" alt=\"\" srcset=\"https:\/\/sfgrs.de\/wordpress\/wp-content\/uploads\/2025\/12\/Weihnachtskonzert1-200x133.png 200w, https:\/\/sfgrs.de\/wordpress\/wp-content\/uploads\/2025\/12\/Weihnachtskonzert1-300x200.png 300w, https:\/\/sfgrs.de\/wordpress\/wp-content\/uploads\/2025\/12\/Weihnachtskonzert1-400x267.png 400w, https:\/\/sfgrs.de\/wordpress\/wp-content\/uploads\/2025\/12\/Weihnachtskonzert1-600x400.png 600w, https:\/\/sfgrs.de\/wordpress\/wp-content\/uploads\/2025\/12\/Weihnachtskonzert1-768x512.png 768w, https:\/\/sfgrs.de\/wordpress\/wp-content\/uploads\/2025\/12\/Weihnachtskonzert1-800x534.png 800w, https:\/\/sfgrs.de\/wordpress\/wp-content\/uploads\/2025\/12\/Weihnachtskonzert1-1024x683.png 1024w, https:\/\/sfgrs.de\/wordpress\/wp-content\/uploads\/2025\/12\/Weihnachtskonzert1-1200x801.png 1200w, https:\/\/sfgrs.de\/wordpress\/wp-content\/uploads\/2025\/12\/Weihnachtskonzert1.png 1280w\" sizes=\"(max-width: 1280px) 100vw, 1280px\" \/><\/div><\/div><\/div><div class=\"swiper-slide\"><div class=\"fusion-carousel-item-wrapper\"><div class=\"fusion-image-wrapper hover-type-none\"><img decoding=\"async\" width=\"1280\" height=\"854\" src=\"https:\/\/sfgrs.de\/wordpress\/wp-content\/uploads\/2025\/12\/Weihnachtskonzert2.png\" class=\"attachment-full size-full\" alt=\"\" srcset=\"https:\/\/sfgrs.de\/wordpress\/wp-content\/uploads\/2025\/12\/Weihnachtskonzert2-200x133.png 200w, https:\/\/sfgrs.de\/wordpress\/wp-content\/uploads\/2025\/12\/Weihnachtskonzert2-300x200.png 300w, https:\/\/sfgrs.de\/wordpress\/wp-content\/uploads\/2025\/12\/Weihnachtskonzert2-400x267.png 400w, https:\/\/sfgrs.de\/wordpress\/wp-content\/uploads\/2025\/12\/Weihnachtskonzert2-600x400.png 600w, https:\/\/sfgrs.de\/wordpress\/wp-content\/uploads\/2025\/12\/Weihnachtskonzert2-768x512.png 768w, https:\/\/sfgrs.de\/wordpress\/wp-content\/uploads\/2025\/12\/Weihnachtskonzert2-800x534.png 800w, https:\/\/sfgrs.de\/wordpress\/wp-content\/uploads\/2025\/12\/Weihnachtskonzert2-1024x683.png 1024w, https:\/\/sfgrs.de\/wordpress\/wp-content\/uploads\/2025\/12\/Weihnachtskonzert2-1200x801.png 1200w, https:\/\/sfgrs.de\/wordpress\/wp-content\/uploads\/2025\/12\/Weihnachtskonzert2.png 1280w\" sizes=\"(max-width: 1280px) 100vw, 1280px\" \/><\/div><\/div><\/div><div class=\"swiper-slide\"><div class=\"fusion-carousel-item-wrapper\"><div class=\"fusion-image-wrapper hover-type-none\"><img decoding=\"async\" width=\"1280\" height=\"854\" src=\"https:\/\/sfgrs.de\/wordpress\/wp-content\/uploads\/2025\/12\/Weihnachtskonzert3.png\" class=\"attachment-full size-full\" alt=\"\" srcset=\"https:\/\/sfgrs.de\/wordpress\/wp-content\/uploads\/2025\/12\/Weihnachtskonzert3-200x133.png 200w, https:\/\/sfgrs.de\/wordpress\/wp-content\/uploads\/2025\/12\/Weihnachtskonzert3-300x200.png 300w, https:\/\/sfgrs.de\/wordpress\/wp-content\/uploads\/2025\/12\/Weihnachtskonzert3-400x267.png 400w, https:\/\/sfgrs.de\/wordpress\/wp-content\/uploads\/2025\/12\/Weihnachtskonzert3-600x400.png 600w, https:\/\/sfgrs.de\/wordpress\/wp-content\/uploads\/2025\/12\/Weihnachtskonzert3-768x512.png 768w, https:\/\/sfgrs.de\/wordpress\/wp-content\/uploads\/2025\/12\/Weihnachtskonzert3-800x534.png 800w, https:\/\/sfgrs.de\/wordpress\/wp-content\/uploads\/2025\/12\/Weihnachtskonzert3-1024x683.png 1024w, https:\/\/sfgrs.de\/wordpress\/wp-content\/uploads\/2025\/12\/Weihnachtskonzert3-1200x801.png 1200w, https:\/\/sfgrs.de\/wordpress\/wp-content\/uploads\/2025\/12\/Weihnachtskonzert3.png 1280w\" sizes=\"(max-width: 1280px) 100vw, 1280px\" \/><\/div><\/div><\/div><div class=\"swiper-slide\"><div class=\"fusion-carousel-item-wrapper\"><div class=\"fusion-image-wrapper hover-type-none\"><img decoding=\"async\" width=\"1280\" height=\"854\" src=\"https:\/\/sfgrs.de\/wordpress\/wp-content\/uploads\/2025\/12\/Weihnachtskonzert4.png\" class=\"attachment-full size-full\" alt=\"\" srcset=\"https:\/\/sfgrs.de\/wordpress\/wp-content\/uploads\/2025\/12\/Weihnachtskonzert4-200x133.png 200w, https:\/\/sfgrs.de\/wordpress\/wp-content\/uploads\/2025\/12\/Weihnachtskonzert4-300x200.png 300w, https:\/\/sfgrs.de\/wordpress\/wp-content\/uploads\/2025\/12\/Weihnachtskonzert4-400x267.png 400w, https:\/\/sfgrs.de\/wordpress\/wp-content\/uploads\/2025\/12\/Weihnachtskonzert4-600x400.png 600w, https:\/\/sfgrs.de\/wordpress\/wp-content\/uploads\/2025\/12\/Weihnachtskonzert4-768x512.png 768w, https:\/\/sfgrs.de\/wordpress\/wp-content\/uploads\/2025\/12\/Weihnachtskonzert4-800x534.png 800w, https:\/\/sfgrs.de\/wordpress\/wp-content\/uploads\/2025\/12\/Weihnachtskonzert4-1024x683.png 1024w, https:\/\/sfgrs.de\/wordpress\/wp-content\/uploads\/2025\/12\/Weihnachtskonzert4-1200x801.png 1200w, https:\/\/sfgrs.de\/wordpress\/wp-content\/uploads\/2025\/12\/Weihnachtskonzert4.png 1280w\" sizes=\"(max-width: 1280px) 100vw, 1280px\" \/><\/div><\/div><\/div><div class=\"swiper-slide\"><div class=\"fusion-carousel-item-wrapper\"><div class=\"fusion-image-wrapper hover-type-none\"><img decoding=\"async\" width=\"1280\" height=\"854\" src=\"https:\/\/sfgrs.de\/wordpress\/wp-content\/uploads\/2025\/12\/Weihnachtskonzert5.png\" class=\"attachment-full size-full\" alt=\"\" srcset=\"https:\/\/sfgrs.de\/wordpress\/wp-content\/uploads\/2025\/12\/Weihnachtskonzert5-200x133.png 200w, https:\/\/sfgrs.de\/wordpress\/wp-content\/uploads\/2025\/12\/Weihnachtskonzert5-300x200.png 300w, https:\/\/sfgrs.de\/wordpress\/wp-content\/uploads\/2025\/12\/Weihnachtskonzert5-400x267.png 400w, https:\/\/sfgrs.de\/wordpress\/wp-content\/uploads\/2025\/12\/Weihnachtskonzert5-600x400.png 600w, https:\/\/sfgrs.de\/wordpress\/wp-content\/uploads\/2025\/12\/Weihnachtskonzert5-768x512.png 768w, https:\/\/sfgrs.de\/wordpress\/wp-content\/uploads\/2025\/12\/Weihnachtskonzert5-800x534.png 800w, https:\/\/sfgrs.de\/wordpress\/wp-content\/uploads\/2025\/12\/Weihnachtskonzert5-1024x683.png 1024w, https:\/\/sfgrs.de\/wordpress\/wp-content\/uploads\/2025\/12\/Weihnachtskonzert5-1200x801.png 1200w, https:\/\/sfgrs.de\/wordpress\/wp-content\/uploads\/2025\/12\/Weihnachtskonzert5.png 1280w\" sizes=\"(max-width: 1280px) 100vw, 1280px\" \/><\/div><\/div><\/div><div class=\"swiper-slide\"><div class=\"fusion-carousel-item-wrapper\"><div class=\"fusion-image-wrapper hover-type-none\"><img decoding=\"async\" width=\"1280\" height=\"854\" src=\"https:\/\/sfgrs.de\/wordpress\/wp-content\/uploads\/2025\/12\/Weihnachtskonzert6.png\" class=\"attachment-full size-full\" alt=\"\" srcset=\"https:\/\/sfgrs.de\/wordpress\/wp-content\/uploads\/2025\/12\/Weihnachtskonzert6-200x133.png 200w, https:\/\/sfgrs.de\/wordpress\/wp-content\/uploads\/2025\/12\/Weihnachtskonzert6-300x200.png 300w, https:\/\/sfgrs.de\/wordpress\/wp-content\/uploads\/2025\/12\/Weihnachtskonzert6-400x267.png 400w, https:\/\/sfgrs.de\/wordpress\/wp-content\/uploads\/2025\/12\/Weihnachtskonzert6-600x400.png 600w, https:\/\/sfgrs.de\/wordpress\/wp-content\/uploads\/2025\/12\/Weihnachtskonzert6-768x512.png 768w, https:\/\/sfgrs.de\/wordpress\/wp-content\/uploads\/2025\/12\/Weihnachtskonzert6-800x534.png 800w, https:\/\/sfgrs.de\/wordpress\/wp-content\/uploads\/2025\/12\/Weihnachtskonzert6-1024x683.png 1024w, https:\/\/sfgrs.de\/wordpress\/wp-content\/uploads\/2025\/12\/Weihnachtskonzert6-1200x801.png 1200w, https:\/\/sfgrs.de\/wordpress\/wp-content\/uploads\/2025\/12\/Weihnachtskonzert6.png 1280w\" sizes=\"(max-width: 1280px) 100vw, 1280px\" \/><\/div><\/div><\/div><div class=\"swiper-slide\"><div class=\"fusion-carousel-item-wrapper\"><div class=\"fusion-image-wrapper hover-type-none\"><img decoding=\"async\" width=\"1280\" height=\"854\" src=\"https:\/\/sfgrs.de\/wordpress\/wp-content\/uploads\/2025\/12\/Weinnachtskonzert6.png\" class=\"attachment-full size-full\" alt=\"\" srcset=\"https:\/\/sfgrs.de\/wordpress\/wp-content\/uploads\/2025\/12\/Weinnachtskonzert6-200x133.png 200w, https:\/\/sfgrs.de\/wordpress\/wp-content\/uploads\/2025\/12\/Weinnachtskonzert6-300x200.png 300w, https:\/\/sfgrs.de\/wordpress\/wp-content\/uploads\/2025\/12\/Weinnachtskonzert6-400x267.png 400w, https:\/\/sfgrs.de\/wordpress\/wp-content\/uploads\/2025\/12\/Weinnachtskonzert6-600x400.png 600w, https:\/\/sfgrs.de\/wordpress\/wp-content\/uploads\/2025\/12\/Weinnachtskonzert6-768x512.png 768w, https:\/\/sfgrs.de\/wordpress\/wp-content\/uploads\/2025\/12\/Weinnachtskonzert6-800x534.png 800w, https:\/\/sfgrs.de\/wordpress\/wp-content\/uploads\/2025\/12\/Weinnachtskonzert6-1024x683.png 1024w, https:\/\/sfgrs.de\/wordpress\/wp-content\/uploads\/2025\/12\/Weinnachtskonzert6-1200x801.png 1200w, https:\/\/sfgrs.de\/wordpress\/wp-content\/uploads\/2025\/12\/Weinnachtskonzert6.png 1280w\" sizes=\"(max-width: 1280px) 100vw, 1280px\" \/><\/div><\/div><\/div><\/div><\/div><\/div><\/div><\/div><div class=\"fusion-layout-column fusion_builder_column fusion-builder-column-1 fusion_builder_column_1_2 1_2 fusion-flex-column\" style=\"--awb-bg-size:cover;--awb-width-large:50%;--awb-margin-top-large:0px;--awb-spacing-right-large:3.84%;--awb-margin-bottom-large:20px;--awb-spacing-left-large:3.84%;--awb-width-medium:100%;--awb-order-medium:0;--awb-spacing-right-medium:1.92%;--awb-spacing-left-medium:1.92%;--awb-width-small:100%;--awb-order-small:0;--awb-spacing-right-small:1.92%;--awb-spacing-left-small:1.92%;\"><div class=\"fusion-column-wrapper fusion-column-has-shadow fusion-flex-justify-content-flex-start fusion-content-layout-column\"><div class=\"fusion-text fusion-text-1\"><p>Traditionsgem\u00e4\u00df trifft sich die Schulgemeinschaft von St.-Franziskus-Gymnasium und -Realschule kurz vor den Festtagen zu einem vorweihnachtlichen Konzert. Beschwingt und besinnlich, getragen und groovig, klassisch und modern kam das Programm in diesem Jahr daher. Da klangen Gl\u00f6ckchen, Geigen zauberten glitzernden Festtagsklang, dazwischen mischten sich poppige Kl\u00e4nge und eine Gruppe T\u00e4nzerinnen unter Leitung von Melanie Popescu fegte \u201eRockin\u2019 around the christmas tree\u201c \u00fcber die B\u00fchne: Es war ein bunter Reigen, der das zahlreich erschienene Publikum in der Alten Turnhalle auf eine musikalische Reise durch mehrere Jahrhunderte mitnahm. Von der barocken Gagliarde aus dem 16. Jahrhunderts, gespielt auf Gemsh\u00f6rnern (Leitung: Anke K\u00fchner), \u00fcber eine Bearbeitung von Pachelbels ber\u00fchmten Canon in D f\u00fcr Blockfl\u00f6te (Leitung: Jutta Braun), festliche Orchesterkl\u00e4nge mit Streichern, Bl\u00e4sern und Schlagwerk (Leitung: Andrea Liese) bis zum poppig arrangierten Bandvortrag (Leitung: Christian Sieber) zeigten die Arbeitsgemeinschaften der St.-Franziskus-Schulen eine gro\u00dfe Vielfalt. Erstmals dabei war die siebenk\u00f6pfige Geigengruppe unter Leitung von Mari Kitamoto, die mit dem Klassiker \u201eMorgen kommt der Weihnachtsmann\u201c bezauberte. Besondere Erw\u00e4hnung verdient der Gitarrenkreis, den mit Celine Lang, Franka Runge und Eileen Schwarzweller drei Sch\u00fclerinnen leiten. Er\u00f6ffnet wurde der Abend durch den gelungenen Vortrag des Instrumentalkreises gemeinsam mit Sch\u00fclerinnen der sechsten Klassen (Leitung: Katharina Hagelauer-Walder und Melanie Popescu), die ihre Zuh\u00f6rer mit Filmmusik aus \u201eDer Grinch\u201c begeisterten. Neben den Instrumental-Ensembles zeigten Orientierungs-, Mittelstufen- und MSS-Chor ihr K\u00f6nnen. Mit \u201eImagine\u201c von John Lennon dr\u00fcckten die f\u00fcnf S\u00e4ngerinnen der Schulband in ber\u00fchrender Art den sehnlichen Wunsch nach Frieden und Zusammenhalt aus. Dies klang auch in den Beitr\u00e4gen des MSS-Chores und des Mittelstufen-Chores an. Brachte der MSS-Chor (Leitung: Ursula Vollrath) mit \u201eCarol of the bells\u201c eine Bearbeitung eines ukrainischen Volksliedes zu Geh\u00f6r, verabschiedete sich der Mittelstufen-Chor (Leitung: Andrea Liese) mit einem Arrangement von \u201eWe are the world\u201c und dem musikalischen Wunsch nach einer positiven Zukunft. Der Orientierungsstufen-Chor (Leitung: Anke K\u00fchner) blickte mit einem Medley aus Sternsinger-Liedern bereits auf die Zeit nach Weihnachten, wenn am 17. Januar 2026 in den R\u00e4umen des St.-Franziskus die bistumsweite Abschlussveranstaltung der kommenden Sternsinger-Aktion stattfinden wird. Mit ihrem engagierten Vortrag machten sie auf die Rechte der Kinder aufmerksam, die im Zentrum der Sternsinger-Aktion 2026 stehen.<\/p>\n<p><em>Text und Photos: S. Seither<\/em><\/p>\n<\/div><\/div><\/div><\/div><\/div>\n","protected":false},"excerpt":{"rendered":"","protected":false},"author":14,"featured_media":12991,"comment_status":"open","ping_status":"open","sticky":false,"template":"","format":"standard","meta":{"footnotes":""},"categories":[1],"tags":[],"class_list":["post-13004","post","type-post","status-publish","format-standard","has-post-thumbnail","hentry","category-allgemein"],"_links":{"self":[{"href":"https:\/\/sfgrs.de\/wordpress\/index.php\/wp-json\/wp\/v2\/posts\/13004","targetHints":{"allow":["GET"]}}],"collection":[{"href":"https:\/\/sfgrs.de\/wordpress\/index.php\/wp-json\/wp\/v2\/posts"}],"about":[{"href":"https:\/\/sfgrs.de\/wordpress\/index.php\/wp-json\/wp\/v2\/types\/post"}],"author":[{"embeddable":true,"href":"https:\/\/sfgrs.de\/wordpress\/index.php\/wp-json\/wp\/v2\/users\/14"}],"replies":[{"embeddable":true,"href":"https:\/\/sfgrs.de\/wordpress\/index.php\/wp-json\/wp\/v2\/comments?post=13004"}],"version-history":[{"count":1,"href":"https:\/\/sfgrs.de\/wordpress\/index.php\/wp-json\/wp\/v2\/posts\/13004\/revisions"}],"predecessor-version":[{"id":13005,"href":"https:\/\/sfgrs.de\/wordpress\/index.php\/wp-json\/wp\/v2\/posts\/13004\/revisions\/13005"}],"wp:featuredmedia":[{"embeddable":true,"href":"https:\/\/sfgrs.de\/wordpress\/index.php\/wp-json\/wp\/v2\/media\/12991"}],"wp:attachment":[{"href":"https:\/\/sfgrs.de\/wordpress\/index.php\/wp-json\/wp\/v2\/media?parent=13004"}],"wp:term":[{"taxonomy":"category","embeddable":true,"href":"https:\/\/sfgrs.de\/wordpress\/index.php\/wp-json\/wp\/v2\/categories?post=13004"},{"taxonomy":"post_tag","embeddable":true,"href":"https:\/\/sfgrs.de\/wordpress\/index.php\/wp-json\/wp\/v2\/tags?post=13004"}],"curies":[{"name":"wp","href":"https:\/\/api.w.org\/{rel}","templated":true}]}}