{"id":13038,"date":"2026-01-27T11:57:54","date_gmt":"2026-01-27T10:57:54","guid":{"rendered":"https:\/\/sfgrs.de\/wordpress\/?p=13038"},"modified":"2026-01-27T11:57:54","modified_gmt":"2026-01-27T10:57:54","slug":"jugend-debattiert-es-geht-in-die-naechste-runde","status":"publish","type":"post","link":"https:\/\/sfgrs.de\/wordpress\/index.php\/2026\/01\/27\/jugend-debattiert-es-geht-in-die-naechste-runde\/","title":{"rendered":"Jugend debattiert \u2013 es geht in die n\u00e4chste Runde!"},"content":{"rendered":"<div class=\"fusion-fullwidth fullwidth-box fusion-builder-row-1 fusion-flex-container has-pattern-background has-mask-background nonhundred-percent-fullwidth non-hundred-percent-height-scrolling\" style=\"--awb-border-radius-top-left:0px;--awb-border-radius-top-right:0px;--awb-border-radius-bottom-right:0px;--awb-border-radius-bottom-left:0px;--awb-flex-wrap:wrap;\" ><div class=\"fusion-builder-row fusion-row fusion-flex-align-items-flex-start fusion-flex-content-wrap\" style=\"max-width:1456px;margin-left: calc(-4% \/ 2 );margin-right: calc(-4% \/ 2 );\"><div class=\"fusion-layout-column fusion_builder_column fusion-builder-column-0 fusion_builder_column_1_2 1_2 fusion-flex-column\" style=\"--awb-bg-size:cover;--awb-width-large:50%;--awb-margin-top-large:0px;--awb-spacing-right-large:3.84%;--awb-margin-bottom-large:20px;--awb-spacing-left-large:3.84%;--awb-width-medium:100%;--awb-order-medium:0;--awb-spacing-right-medium:1.92%;--awb-spacing-left-medium:1.92%;--awb-width-small:100%;--awb-order-small:0;--awb-spacing-right-small:1.92%;--awb-spacing-left-small:1.92%;\"><div class=\"fusion-column-wrapper fusion-column-has-shadow fusion-flex-justify-content-flex-start fusion-content-layout-column\"><div class=\"fusion-image-carousel fusion-image-carousel-auto fusion-image-carousel-1 fusion-carousel-border\"><div class=\"awb-carousel awb-swiper awb-swiper-carousel\" data-autoplay=\"yes\" data-columns=\"1\" data-itemmargin=\"1\" data-itemwidth=\"180\" data-touchscroll=\"no\" data-imagesize=\"auto\" style=\"--awb-columns:1;--awb-column-spacing:1px;\"><div class=\"swiper-wrapper awb-image-carousel-wrapper fusion-flex-align-items-center\"><div class=\"swiper-slide\"><div class=\"fusion-carousel-item-wrapper\"><div class=\"fusion-image-wrapper hover-type-none\"><img decoding=\"async\" width=\"1280\" height=\"853\" src=\"https:\/\/sfgrs.de\/wordpress\/wp-content\/uploads\/2026\/01\/Jugend-debattiert1.png\" class=\"attachment-full size-full\" alt=\"\" srcset=\"https:\/\/sfgrs.de\/wordpress\/wp-content\/uploads\/2026\/01\/Jugend-debattiert1-200x133.png 200w, https:\/\/sfgrs.de\/wordpress\/wp-content\/uploads\/2026\/01\/Jugend-debattiert1-300x200.png 300w, https:\/\/sfgrs.de\/wordpress\/wp-content\/uploads\/2026\/01\/Jugend-debattiert1-400x267.png 400w, https:\/\/sfgrs.de\/wordpress\/wp-content\/uploads\/2026\/01\/Jugend-debattiert1-600x400.png 600w, https:\/\/sfgrs.de\/wordpress\/wp-content\/uploads\/2026\/01\/Jugend-debattiert1-768x512.png 768w, https:\/\/sfgrs.de\/wordpress\/wp-content\/uploads\/2026\/01\/Jugend-debattiert1-800x533.png 800w, https:\/\/sfgrs.de\/wordpress\/wp-content\/uploads\/2026\/01\/Jugend-debattiert1-1024x682.png 1024w, https:\/\/sfgrs.de\/wordpress\/wp-content\/uploads\/2026\/01\/Jugend-debattiert1-1200x800.png 1200w, https:\/\/sfgrs.de\/wordpress\/wp-content\/uploads\/2026\/01\/Jugend-debattiert1.png 1280w\" sizes=\"(max-width: 1280px) 100vw, 1280px\" \/><\/div><\/div><\/div><div class=\"swiper-slide\"><div class=\"fusion-carousel-item-wrapper\"><div class=\"fusion-image-wrapper hover-type-none\"><img decoding=\"async\" width=\"960\" height=\"640\" src=\"https:\/\/sfgrs.de\/wordpress\/wp-content\/uploads\/2026\/01\/Jugend-debattiert2.png\" class=\"attachment-full size-full\" alt=\"\" srcset=\"https:\/\/sfgrs.de\/wordpress\/wp-content\/uploads\/2026\/01\/Jugend-debattiert2-200x133.png 200w, https:\/\/sfgrs.de\/wordpress\/wp-content\/uploads\/2026\/01\/Jugend-debattiert2-300x200.png 300w, https:\/\/sfgrs.de\/wordpress\/wp-content\/uploads\/2026\/01\/Jugend-debattiert2-400x267.png 400w, https:\/\/sfgrs.de\/wordpress\/wp-content\/uploads\/2026\/01\/Jugend-debattiert2-600x400.png 600w, https:\/\/sfgrs.de\/wordpress\/wp-content\/uploads\/2026\/01\/Jugend-debattiert2-768x512.png 768w, https:\/\/sfgrs.de\/wordpress\/wp-content\/uploads\/2026\/01\/Jugend-debattiert2-800x533.png 800w, https:\/\/sfgrs.de\/wordpress\/wp-content\/uploads\/2026\/01\/Jugend-debattiert2.png 960w\" sizes=\"(max-width: 960px) 100vw, 960px\" \/><\/div><\/div><\/div><div class=\"swiper-slide\"><div class=\"fusion-carousel-item-wrapper\"><div class=\"fusion-image-wrapper hover-type-none\"><img decoding=\"async\" width=\"960\" height=\"640\" src=\"https:\/\/sfgrs.de\/wordpress\/wp-content\/uploads\/2026\/01\/Jugend-debattiert3.png\" class=\"attachment-full size-full\" alt=\"\" srcset=\"https:\/\/sfgrs.de\/wordpress\/wp-content\/uploads\/2026\/01\/Jugend-debattiert3-200x133.png 200w, https:\/\/sfgrs.de\/wordpress\/wp-content\/uploads\/2026\/01\/Jugend-debattiert3-300x200.png 300w, https:\/\/sfgrs.de\/wordpress\/wp-content\/uploads\/2026\/01\/Jugend-debattiert3-400x267.png 400w, https:\/\/sfgrs.de\/wordpress\/wp-content\/uploads\/2026\/01\/Jugend-debattiert3-600x400.png 600w, https:\/\/sfgrs.de\/wordpress\/wp-content\/uploads\/2026\/01\/Jugend-debattiert3-768x512.png 768w, https:\/\/sfgrs.de\/wordpress\/wp-content\/uploads\/2026\/01\/Jugend-debattiert3-800x533.png 800w, https:\/\/sfgrs.de\/wordpress\/wp-content\/uploads\/2026\/01\/Jugend-debattiert3.png 960w\" sizes=\"(max-width: 960px) 100vw, 960px\" \/><\/div><\/div><\/div><div class=\"swiper-slide\"><div class=\"fusion-carousel-item-wrapper\"><div class=\"fusion-image-wrapper hover-type-none\"><img decoding=\"async\" width=\"1350\" height=\"900\" src=\"https:\/\/sfgrs.de\/wordpress\/wp-content\/uploads\/2026\/01\/Jugend-debattiert4.png\" class=\"attachment-full size-full\" alt=\"\" srcset=\"https:\/\/sfgrs.de\/wordpress\/wp-content\/uploads\/2026\/01\/Jugend-debattiert4-200x133.png 200w, https:\/\/sfgrs.de\/wordpress\/wp-content\/uploads\/2026\/01\/Jugend-debattiert4-300x200.png 300w, https:\/\/sfgrs.de\/wordpress\/wp-content\/uploads\/2026\/01\/Jugend-debattiert4-400x267.png 400w, https:\/\/sfgrs.de\/wordpress\/wp-content\/uploads\/2026\/01\/Jugend-debattiert4-600x400.png 600w, https:\/\/sfgrs.de\/wordpress\/wp-content\/uploads\/2026\/01\/Jugend-debattiert4-768x512.png 768w, https:\/\/sfgrs.de\/wordpress\/wp-content\/uploads\/2026\/01\/Jugend-debattiert4-800x533.png 800w, https:\/\/sfgrs.de\/wordpress\/wp-content\/uploads\/2026\/01\/Jugend-debattiert4-1024x683.png 1024w, https:\/\/sfgrs.de\/wordpress\/wp-content\/uploads\/2026\/01\/Jugend-debattiert4-1200x800.png 1200w, https:\/\/sfgrs.de\/wordpress\/wp-content\/uploads\/2026\/01\/Jugend-debattiert4-1320x880.png 1320w, https:\/\/sfgrs.de\/wordpress\/wp-content\/uploads\/2026\/01\/Jugend-debattiert4.png 1350w\" sizes=\"(max-width: 1350px) 100vw, 1350px\" \/><\/div><\/div><\/div><div class=\"swiper-slide\"><div class=\"fusion-carousel-item-wrapper\"><div class=\"fusion-image-wrapper hover-type-none\"><img decoding=\"async\" width=\"960\" height=\"640\" src=\"https:\/\/sfgrs.de\/wordpress\/wp-content\/uploads\/2026\/01\/Jugend-debattiert5.png\" class=\"attachment-full size-full\" alt=\"\" srcset=\"https:\/\/sfgrs.de\/wordpress\/wp-content\/uploads\/2026\/01\/Jugend-debattiert5-200x133.png 200w, https:\/\/sfgrs.de\/wordpress\/wp-content\/uploads\/2026\/01\/Jugend-debattiert5-300x200.png 300w, https:\/\/sfgrs.de\/wordpress\/wp-content\/uploads\/2026\/01\/Jugend-debattiert5-400x267.png 400w, https:\/\/sfgrs.de\/wordpress\/wp-content\/uploads\/2026\/01\/Jugend-debattiert5-600x400.png 600w, https:\/\/sfgrs.de\/wordpress\/wp-content\/uploads\/2026\/01\/Jugend-debattiert5-768x512.png 768w, https:\/\/sfgrs.de\/wordpress\/wp-content\/uploads\/2026\/01\/Jugend-debattiert5-800x533.png 800w, https:\/\/sfgrs.de\/wordpress\/wp-content\/uploads\/2026\/01\/Jugend-debattiert5.png 960w\" sizes=\"(max-width: 960px) 100vw, 960px\" \/><\/div><\/div><\/div><div class=\"swiper-slide\"><div class=\"fusion-carousel-item-wrapper\"><div class=\"fusion-image-wrapper hover-type-none\"><img decoding=\"async\" width=\"960\" height=\"640\" src=\"https:\/\/sfgrs.de\/wordpress\/wp-content\/uploads\/2026\/01\/Jugend-debattiert5-1.png\" class=\"attachment-full size-full\" alt=\"\" srcset=\"https:\/\/sfgrs.de\/wordpress\/wp-content\/uploads\/2026\/01\/Jugend-debattiert5-1-200x133.png 200w, https:\/\/sfgrs.de\/wordpress\/wp-content\/uploads\/2026\/01\/Jugend-debattiert5-1-300x200.png 300w, https:\/\/sfgrs.de\/wordpress\/wp-content\/uploads\/2026\/01\/Jugend-debattiert5-1-400x267.png 400w, https:\/\/sfgrs.de\/wordpress\/wp-content\/uploads\/2026\/01\/Jugend-debattiert5-1-600x400.png 600w, https:\/\/sfgrs.de\/wordpress\/wp-content\/uploads\/2026\/01\/Jugend-debattiert5-1-768x512.png 768w, https:\/\/sfgrs.de\/wordpress\/wp-content\/uploads\/2026\/01\/Jugend-debattiert5-1-800x533.png 800w, https:\/\/sfgrs.de\/wordpress\/wp-content\/uploads\/2026\/01\/Jugend-debattiert5-1.png 960w\" sizes=\"(max-width: 960px) 100vw, 960px\" \/><\/div><\/div><\/div><\/div><\/div><\/div><\/div><\/div><div class=\"fusion-layout-column fusion_builder_column fusion-builder-column-1 fusion_builder_column_1_2 1_2 fusion-flex-column\" style=\"--awb-bg-size:cover;--awb-width-large:50%;--awb-margin-top-large:0px;--awb-spacing-right-large:3.84%;--awb-margin-bottom-large:20px;--awb-spacing-left-large:3.84%;--awb-width-medium:100%;--awb-order-medium:0;--awb-spacing-right-medium:1.92%;--awb-spacing-left-medium:1.92%;--awb-width-small:100%;--awb-order-small:0;--awb-spacing-right-small:1.92%;--awb-spacing-left-small:1.92%;\"><div class=\"fusion-column-wrapper fusion-column-has-shadow fusion-flex-justify-content-flex-start fusion-content-layout-column\"><div class=\"fusion-text fusion-text-1\"><p>Am 21.01.2026 fand das Schulfinale des Bundeswettbewerbs Jugend debattiert statt, bei dem die Klassen- und Kurssiegerinnen des Gymnasiums um den Einzug in den Regionalvorentscheid debattierten.<\/p>\n<p>In der Altersklasse I debattierten Laura Bechthold (Pro 1), Emilia Romahn (Pro 2), Marie Szombach (Contra 1) und Emily Gaebler (Contra 1) um die Frage: <em>Soll f\u00fcr E-Scooter eine F\u00fchrerscheinpflicht gelten?\u00a0 <\/em>W\u00e4hrend die Pro Seite insbesondere den Sicherheitsaspekt sah und damit argumentierte, dass eine F\u00fchrerscheinpflicht f\u00fcr E-Scooter den Stra\u00dfenverkehr sicherer machen w\u00fcrde, hielt Contra vor allem mit dem Argument dagegen, dass der Vorteil von E-Scootern in der spontanen Nutzung liege, die dann wegfiele. In der zwanzigmin\u00fctigen Debatte, die von daf\u00fcr ausgebildeten Sch\u00fclerinnen juriert wurde, setzten sich Emily (Platz 1) und Laura (Platz 2) gegen ihre beiden Mitdebattantinnen durch.<\/p>\n<p>Im Anschluss debattierten Valerie Venzke (Pro 1), Samanta Thunert (Pro 2), Frida Martin (Contra 1) und Gwen Jung (Contra 2) um die Frage <em>Soll Kupfergeld als gesetzliches Zahlungsmittel in Deutschland abgeschafft werden?<\/em> Die Pro-Seite vertrat die Ansicht, dass eine Abschaffung der Ein- und Zwei-Cent-M\u00fcnzen \u00f6kologischer und \u00f6konomischer w\u00e4re, wohingegen Contra insbesondere den damit einhergehenden Verlust f\u00fcr spontane Spenden sah. Es siegten in dieser Debatte Valerie (Platz 1) und Frida (Platz 2).<\/p>\n<p>Die vier Schulsiegerinnen treten am 10.02.2026 im Rittersberg Gymnasium im Regionalvorentscheid gegen die anderen Schulsiegerinnen und -sieger des Verbunds an.<\/p>\n<p>Wir gratulieren ganz herzlich und w\u00fcnschen viel Erfolg f\u00fcr die n\u00e4chste Runde!<\/p>\n<p><em>Text und Photos: A. Zoermer<\/em><\/p>\n<\/div><\/div><\/div><\/div><\/div>\n","protected":false},"excerpt":{"rendered":"","protected":false},"author":14,"featured_media":13034,"comment_status":"open","ping_status":"open","sticky":false,"template":"","format":"standard","meta":{"footnotes":""},"categories":[1],"tags":[],"class_list":["post-13038","post","type-post","status-publish","format-standard","has-post-thumbnail","hentry","category-allgemein"],"_links":{"self":[{"href":"https:\/\/sfgrs.de\/wordpress\/index.php\/wp-json\/wp\/v2\/posts\/13038","targetHints":{"allow":["GET"]}}],"collection":[{"href":"https:\/\/sfgrs.de\/wordpress\/index.php\/wp-json\/wp\/v2\/posts"}],"about":[{"href":"https:\/\/sfgrs.de\/wordpress\/index.php\/wp-json\/wp\/v2\/types\/post"}],"author":[{"embeddable":true,"href":"https:\/\/sfgrs.de\/wordpress\/index.php\/wp-json\/wp\/v2\/users\/14"}],"replies":[{"embeddable":true,"href":"https:\/\/sfgrs.de\/wordpress\/index.php\/wp-json\/wp\/v2\/comments?post=13038"}],"version-history":[{"count":1,"href":"https:\/\/sfgrs.de\/wordpress\/index.php\/wp-json\/wp\/v2\/posts\/13038\/revisions"}],"predecessor-version":[{"id":13039,"href":"https:\/\/sfgrs.de\/wordpress\/index.php\/wp-json\/wp\/v2\/posts\/13038\/revisions\/13039"}],"wp:featuredmedia":[{"embeddable":true,"href":"https:\/\/sfgrs.de\/wordpress\/index.php\/wp-json\/wp\/v2\/media\/13034"}],"wp:attachment":[{"href":"https:\/\/sfgrs.de\/wordpress\/index.php\/wp-json\/wp\/v2\/media?parent=13038"}],"wp:term":[{"taxonomy":"category","embeddable":true,"href":"https:\/\/sfgrs.de\/wordpress\/index.php\/wp-json\/wp\/v2\/categories?post=13038"},{"taxonomy":"post_tag","embeddable":true,"href":"https:\/\/sfgrs.de\/wordpress\/index.php\/wp-json\/wp\/v2\/tags?post=13038"}],"curies":[{"name":"wp","href":"https:\/\/api.w.org\/{rel}","templated":true}]}}