{"id":13966,"date":"2026-09-05T11:38:49","date_gmt":"2026-09-05T09:38:49","guid":{"rendered":"https:\/\/sfgrs.de\/wordpress\/?p=13966"},"modified":"2026-09-06T10:34:11","modified_gmt":"2026-09-06T08:34:11","slug":"geborgen-im-netz-der-gemeinschaft","status":"publish","type":"post","link":"https:\/\/sfgrs.de\/wordpress\/index.php\/2026\/09\/05\/geborgen-im-netz-der-gemeinschaft\/","title":{"rendered":"&#8222;Geborgen im Netz der Gemeinschaft&#8220;"},"content":{"rendered":"<div class=\"fusion-fullwidth fullwidth-box fusion-builder-row-1 fusion-flex-container has-pattern-background has-mask-background nonhundred-percent-fullwidth non-hundred-percent-height-scrolling\" style=\"--awb-border-radius-top-left:0px;--awb-border-radius-top-right:0px;--awb-border-radius-bottom-right:0px;--awb-border-radius-bottom-left:0px;--awb-flex-wrap:wrap;\" ><div class=\"fusion-builder-row fusion-row fusion-flex-align-items-flex-start fusion-flex-content-wrap\" style=\"max-width:1456px;margin-left: calc(-4% \/ 2 );margin-right: calc(-4% \/ 2 );\"><div class=\"fusion-layout-column fusion_builder_column fusion-builder-column-0 fusion_builder_column_1_2 1_2 fusion-flex-column\" style=\"--awb-bg-size:cover;--awb-width-large:50%;--awb-margin-top-large:0px;--awb-spacing-right-large:3.84%;--awb-margin-bottom-large:20px;--awb-spacing-left-large:3.84%;--awb-width-medium:100%;--awb-order-medium:0;--awb-spacing-right-medium:1.92%;--awb-spacing-left-medium:1.92%;--awb-width-small:100%;--awb-order-small:0;--awb-spacing-right-small:1.92%;--awb-spacing-left-small:1.92%;\"><div class=\"fusion-column-wrapper fusion-column-has-shadow fusion-flex-justify-content-flex-start fusion-content-layout-column\"><div class=\"fusion-text fusion-text-1\"><p><span style=\"font-family: 'Calibri',sans-serif; color: black;\">Schule sollte ein guter Lernort sein. Damit dies gelingen kann, m\u00fcssen viele\u00a0Menschen zueinander finden und miteinander ein &#8222;Netz der Gemeinschaft&#8220; bilden. Das wurde beim diesj\u00e4hrigen Begegnungstag der 5. Klassen greifbar und erlebbar:\u00a0<\/span><\/p>\n<p><span style=\"font-family: 'Calibri',sans-serif; color: black;\">Zun\u00e4chst kamen die Sch\u00fclerinnen in ihren Klassen mit ihren Klassenleitungen und den Klassenpatinnen zu einem bunten und kreativen Programm zusammen.\u00a0<\/span><\/p>\n<p><span style=\"font-family: 'Calibri',sans-serif; color: black;\">Anschlie\u00dfend feierten alle zusammen mit den Eltern und der Schulleitung, Frau Vollrath und Herrn Sieber, sowie den Orientierungsstufenleiterinnen, Frau K\u00fchner und Frau \u00d6zdemir, einen abwechslungsreichen Gottesdienst mit vielen Liedern und Mitmachelementen\u00a0unter dem Motto &#8222;Geborgen im Netz der Gemeinschaft&#8220;:\u00a0Ganz praktisch und sichtbar kn\u00fcpften dabei die Sch\u00fclerinnen der Klasse 5d mit ihren Lehrkr\u00e4ften Frau Kraus und Herrn Weis ein Netz und machten allen klar, was jede Einzelne in der Klassengemeinschaft zu diesem Netz beitragen kann. Schulseelsorger Herr Lambrich weitete die\u00a0Perspektive und erz\u00e4hlte von den Menschen, die das ganze Netz der Schulgemeinschaft an den Enden halten und tragen. Besonders wandte er sich dabei an die Eltern, die in den kommenden Jahren vor der Aufgabe stehen, ihr Kind f\u00fcrsorglich zu begleiten, aber eben auch St\u00fcck f\u00fcr St\u00fcck mehr los- und eigene Wege gehen zu lassen.\u00a0Und er machte deutlich, dass wir uns am &#8222;Franziskus&#8220; ganz bewusst unter den Schutz und den Beistand Gottes stellen, von dem Jesus von Nazareth in seinem Beispiel vom barmherzigen Vater erz\u00e4hlt: Herz und Bindeglied im Netz, das uns im guten Miteinander st\u00e4rkt und vers\u00f6hnt, wo wir selbst an unsere\u00a0Grenzen kommen.<\/span><\/p>\n<p><span style=\"font-family: 'Calibri',sans-serif; color: black;\">Weiterer H\u00f6hepunkt und fr\u00f6hlicher Abschluss war dann ein Fest der Klassengemeinschaft, f\u00fcr das die Eltern leckere Speisen mitbrachten und die Sch\u00fclerinnen kleine Beitr\u00e4ge vorbereitet hatten. Auch hier ein gelungenes Zeichen f\u00fcr das &#8222;Netz der Schulgemeinschaft&#8220;, das am SFGRS gekn\u00fcpft wird.<\/span><\/p>\n<p>Text: Matthias Lambrich<\/p>\n<\/div><\/div><\/div><div class=\"fusion-layout-column fusion_builder_column fusion-builder-column-1 fusion_builder_column_1_2 1_2 fusion-flex-column\" style=\"--awb-bg-size:cover;--awb-width-large:50%;--awb-margin-top-large:0px;--awb-spacing-right-large:3.84%;--awb-margin-bottom-large:20px;--awb-spacing-left-large:3.84%;--awb-width-medium:100%;--awb-order-medium:0;--awb-spacing-right-medium:1.92%;--awb-spacing-left-medium:1.92%;--awb-width-small:100%;--awb-order-small:0;--awb-spacing-right-small:1.92%;--awb-spacing-left-small:1.92%;\"><div class=\"fusion-column-wrapper fusion-column-has-shadow fusion-flex-justify-content-flex-start fusion-content-layout-column\"><div class=\"fusion-image-carousel fusion-image-carousel-auto fusion-image-carousel-1 fusion-carousel-border\"><div class=\"awb-carousel awb-swiper awb-swiper-carousel\" data-autoplay=\"yes\" data-columns=\"1\" data-itemmargin=\"6\" data-itemwidth=\"180\" data-touchscroll=\"no\" data-imagesize=\"auto\" style=\"--awb-columns:1;--awb-column-spacing:6px;\"><div class=\"swiper-wrapper awb-image-carousel-wrapper fusion-flex-align-items-center\"><div class=\"swiper-slide\"><div class=\"fusion-carousel-item-wrapper\"><div class=\"fusion-image-wrapper hover-type-none\"><img decoding=\"async\" width=\"2048\" height=\"1536\" src=\"https:\/\/sfgrs.de\/wordpress\/wp-content\/uploads\/2026\/09\/Begegnungstag-2026-3.jpeg\" class=\"attachment-full size-full\" alt=\"\" srcset=\"https:\/\/sfgrs.de\/wordpress\/wp-content\/uploads\/2026\/09\/Begegnungstag-2026-3-200x150.jpeg 200w, https:\/\/sfgrs.de\/wordpress\/wp-content\/uploads\/2026\/09\/Begegnungstag-2026-3-300x225.jpeg 300w, https:\/\/sfgrs.de\/wordpress\/wp-content\/uploads\/2026\/09\/Begegnungstag-2026-3-400x300.jpeg 400w, https:\/\/sfgrs.de\/wordpress\/wp-content\/uploads\/2026\/09\/Begegnungstag-2026-3-600x450.jpeg 600w, https:\/\/sfgrs.de\/wordpress\/wp-content\/uploads\/2026\/09\/Begegnungstag-2026-3-768x576.jpeg 768w, https:\/\/sfgrs.de\/wordpress\/wp-content\/uploads\/2026\/09\/Begegnungstag-2026-3-800x600.jpeg 800w, https:\/\/sfgrs.de\/wordpress\/wp-content\/uploads\/2026\/09\/Begegnungstag-2026-3-1024x768.jpeg 1024w, https:\/\/sfgrs.de\/wordpress\/wp-content\/uploads\/2026\/09\/Begegnungstag-2026-3-1200x900.jpeg 1200w, https:\/\/sfgrs.de\/wordpress\/wp-content\/uploads\/2026\/09\/Begegnungstag-2026-3-1320x990.jpeg 1320w, https:\/\/sfgrs.de\/wordpress\/wp-content\/uploads\/2026\/09\/Begegnungstag-2026-3-1536x1152.jpeg 1536w, https:\/\/sfgrs.de\/wordpress\/wp-content\/uploads\/2026\/09\/Begegnungstag-2026-3.jpeg 2048w\" sizes=\"(max-width: 2048px) 100vw, 2048px\" \/><\/div><\/div><\/div><div class=\"swiper-slide\"><div class=\"fusion-carousel-item-wrapper\"><div class=\"fusion-image-wrapper hover-type-none\"><img decoding=\"async\" width=\"2048\" height=\"1536\" src=\"https:\/\/sfgrs.de\/wordpress\/wp-content\/uploads\/2026\/09\/Begegnungstag-2026-2.jpeg\" class=\"attachment-full size-full\" alt=\"\" srcset=\"https:\/\/sfgrs.de\/wordpress\/wp-content\/uploads\/2026\/09\/Begegnungstag-2026-2-200x150.jpeg 200w, https:\/\/sfgrs.de\/wordpress\/wp-content\/uploads\/2026\/09\/Begegnungstag-2026-2-300x225.jpeg 300w, https:\/\/sfgrs.de\/wordpress\/wp-content\/uploads\/2026\/09\/Begegnungstag-2026-2-400x300.jpeg 400w, https:\/\/sfgrs.de\/wordpress\/wp-content\/uploads\/2026\/09\/Begegnungstag-2026-2-600x450.jpeg 600w, https:\/\/sfgrs.de\/wordpress\/wp-content\/uploads\/2026\/09\/Begegnungstag-2026-2-768x576.jpeg 768w, https:\/\/sfgrs.de\/wordpress\/wp-content\/uploads\/2026\/09\/Begegnungstag-2026-2-800x600.jpeg 800w, https:\/\/sfgrs.de\/wordpress\/wp-content\/uploads\/2026\/09\/Begegnungstag-2026-2-1024x768.jpeg 1024w, https:\/\/sfgrs.de\/wordpress\/wp-content\/uploads\/2026\/09\/Begegnungstag-2026-2-1200x900.jpeg 1200w, https:\/\/sfgrs.de\/wordpress\/wp-content\/uploads\/2026\/09\/Begegnungstag-2026-2-1320x990.jpeg 1320w, https:\/\/sfgrs.de\/wordpress\/wp-content\/uploads\/2026\/09\/Begegnungstag-2026-2-1536x1152.jpeg 1536w, https:\/\/sfgrs.de\/wordpress\/wp-content\/uploads\/2026\/09\/Begegnungstag-2026-2.jpeg 2048w\" sizes=\"(max-width: 2048px) 100vw, 2048px\" \/><\/div><\/div><\/div><div class=\"swiper-slide\"><div class=\"fusion-carousel-item-wrapper\"><div class=\"fusion-image-wrapper hover-type-none\"><img decoding=\"async\" width=\"2048\" height=\"1536\" src=\"https:\/\/sfgrs.de\/wordpress\/wp-content\/uploads\/2026\/09\/Begegnungstag-2026-1.jpeg\" class=\"attachment-full size-full\" alt=\"\" srcset=\"https:\/\/sfgrs.de\/wordpress\/wp-content\/uploads\/2026\/09\/Begegnungstag-2026-1-200x150.jpeg 200w, https:\/\/sfgrs.de\/wordpress\/wp-content\/uploads\/2026\/09\/Begegnungstag-2026-1-300x225.jpeg 300w, https:\/\/sfgrs.de\/wordpress\/wp-content\/uploads\/2026\/09\/Begegnungstag-2026-1-400x300.jpeg 400w, https:\/\/sfgrs.de\/wordpress\/wp-content\/uploads\/2026\/09\/Begegnungstag-2026-1-600x450.jpeg 600w, https:\/\/sfgrs.de\/wordpress\/wp-content\/uploads\/2026\/09\/Begegnungstag-2026-1-768x576.jpeg 768w, https:\/\/sfgrs.de\/wordpress\/wp-content\/uploads\/2026\/09\/Begegnungstag-2026-1-800x600.jpeg 800w, https:\/\/sfgrs.de\/wordpress\/wp-content\/uploads\/2026\/09\/Begegnungstag-2026-1-1024x768.jpeg 1024w, https:\/\/sfgrs.de\/wordpress\/wp-content\/uploads\/2026\/09\/Begegnungstag-2026-1-1200x900.jpeg 1200w, https:\/\/sfgrs.de\/wordpress\/wp-content\/uploads\/2026\/09\/Begegnungstag-2026-1-1320x990.jpeg 1320w, https:\/\/sfgrs.de\/wordpress\/wp-content\/uploads\/2026\/09\/Begegnungstag-2026-1-1536x1152.jpeg 1536w, https:\/\/sfgrs.de\/wordpress\/wp-content\/uploads\/2026\/09\/Begegnungstag-2026-1.jpeg 2048w\" sizes=\"(max-width: 2048px) 100vw, 2048px\" \/><\/div><\/div><\/div><div class=\"swiper-slide\"><div class=\"fusion-carousel-item-wrapper\"><div class=\"fusion-image-wrapper hover-type-none\"><img decoding=\"async\" width=\"2560\" height=\"1928\" src=\"https:\/\/sfgrs.de\/wordpress\/wp-content\/uploads\/2026\/09\/PXL_20260829_084457936.MP_-scaled.jpg\" class=\"attachment-full size-full\" alt=\"\" srcset=\"https:\/\/sfgrs.de\/wordpress\/wp-content\/uploads\/2026\/09\/PXL_20260829_084457936.MP_-200x151.jpg 200w, https:\/\/sfgrs.de\/wordpress\/wp-content\/uploads\/2026\/09\/PXL_20260829_084457936.MP_-300x226.jpg 300w, https:\/\/sfgrs.de\/wordpress\/wp-content\/uploads\/2026\/09\/PXL_20260829_084457936.MP_-400x301.jpg 400w, https:\/\/sfgrs.de\/wordpress\/wp-content\/uploads\/2026\/09\/PXL_20260829_084457936.MP_-600x452.jpg 600w, https:\/\/sfgrs.de\/wordpress\/wp-content\/uploads\/2026\/09\/PXL_20260829_084457936.MP_-768x578.jpg 768w, https:\/\/sfgrs.de\/wordpress\/wp-content\/uploads\/2026\/09\/PXL_20260829_084457936.MP_-800x602.jpg 800w, https:\/\/sfgrs.de\/wordpress\/wp-content\/uploads\/2026\/09\/PXL_20260829_084457936.MP_-1024x771.jpg 1024w, https:\/\/sfgrs.de\/wordpress\/wp-content\/uploads\/2026\/09\/PXL_20260829_084457936.MP_-1200x904.jpg 1200w, https:\/\/sfgrs.de\/wordpress\/wp-content\/uploads\/2026\/09\/PXL_20260829_084457936.MP_-1320x994.jpg 1320w, https:\/\/sfgrs.de\/wordpress\/wp-content\/uploads\/2026\/09\/PXL_20260829_084457936.MP_-1536x1157.jpg 1536w, https:\/\/sfgrs.de\/wordpress\/wp-content\/uploads\/2026\/09\/PXL_20260829_084457936.MP_-scaled.jpg 2560w\" sizes=\"(max-width: 2560px) 100vw, 2560px\" \/><\/div><\/div><\/div><div class=\"swiper-slide\"><div class=\"fusion-carousel-item-wrapper\"><div class=\"fusion-image-wrapper hover-type-none\"><img decoding=\"async\" width=\"1928\" height=\"2560\" src=\"https:\/\/sfgrs.de\/wordpress\/wp-content\/uploads\/2026\/09\/PXL_20260829_093433902-scaled.jpg\" class=\"attachment-full size-full\" alt=\"\" srcset=\"https:\/\/sfgrs.de\/wordpress\/wp-content\/uploads\/2026\/09\/PXL_20260829_093433902-200x266.jpg 200w, https:\/\/sfgrs.de\/wordpress\/wp-content\/uploads\/2026\/09\/PXL_20260829_093433902-226x300.jpg 226w, https:\/\/sfgrs.de\/wordpress\/wp-content\/uploads\/2026\/09\/PXL_20260829_093433902-400x531.jpg 400w, https:\/\/sfgrs.de\/wordpress\/wp-content\/uploads\/2026\/09\/PXL_20260829_093433902-600x797.jpg 600w, https:\/\/sfgrs.de\/wordpress\/wp-content\/uploads\/2026\/09\/PXL_20260829_093433902-768x1020.jpg 768w, https:\/\/sfgrs.de\/wordpress\/wp-content\/uploads\/2026\/09\/PXL_20260829_093433902-771x1024.jpg 771w, https:\/\/sfgrs.de\/wordpress\/wp-content\/uploads\/2026\/09\/PXL_20260829_093433902-800x1063.jpg 800w, https:\/\/sfgrs.de\/wordpress\/wp-content\/uploads\/2026\/09\/PXL_20260829_093433902-1157x1536.jpg 1157w, https:\/\/sfgrs.de\/wordpress\/wp-content\/uploads\/2026\/09\/PXL_20260829_093433902-1200x1594.jpg 1200w, https:\/\/sfgrs.de\/wordpress\/wp-content\/uploads\/2026\/09\/PXL_20260829_093433902-1320x1753.jpg 1320w, https:\/\/sfgrs.de\/wordpress\/wp-content\/uploads\/2026\/09\/PXL_20260829_093433902-1542x2048.jpg 1542w, https:\/\/sfgrs.de\/wordpress\/wp-content\/uploads\/2026\/09\/PXL_20260829_093433902-scaled.jpg 1928w\" sizes=\"(max-width: 1928px) 100vw, 1928px\" \/><\/div><\/div><\/div><div class=\"swiper-slide\"><div class=\"fusion-carousel-item-wrapper\"><div class=\"fusion-image-wrapper hover-type-none\"><img decoding=\"async\" width=\"1928\" height=\"2560\" src=\"https:\/\/sfgrs.de\/wordpress\/wp-content\/uploads\/2026\/09\/PXL_20260829_093438297.MP_-scaled.jpg\" class=\"attachment-full size-full\" alt=\"\" srcset=\"https:\/\/sfgrs.de\/wordpress\/wp-content\/uploads\/2026\/09\/PXL_20260829_093438297.MP_-200x266.jpg 200w, https:\/\/sfgrs.de\/wordpress\/wp-content\/uploads\/2026\/09\/PXL_20260829_093438297.MP_-226x300.jpg 226w, https:\/\/sfgrs.de\/wordpress\/wp-content\/uploads\/2026\/09\/PXL_20260829_093438297.MP_-400x531.jpg 400w, https:\/\/sfgrs.de\/wordpress\/wp-content\/uploads\/2026\/09\/PXL_20260829_093438297.MP_-600x797.jpg 600w, https:\/\/sfgrs.de\/wordpress\/wp-content\/uploads\/2026\/09\/PXL_20260829_093438297.MP_-768x1020.jpg 768w, https:\/\/sfgrs.de\/wordpress\/wp-content\/uploads\/2026\/09\/PXL_20260829_093438297.MP_-771x1024.jpg 771w, https:\/\/sfgrs.de\/wordpress\/wp-content\/uploads\/2026\/09\/PXL_20260829_093438297.MP_-800x1063.jpg 800w, https:\/\/sfgrs.de\/wordpress\/wp-content\/uploads\/2026\/09\/PXL_20260829_093438297.MP_-1157x1536.jpg 1157w, https:\/\/sfgrs.de\/wordpress\/wp-content\/uploads\/2026\/09\/PXL_20260829_093438297.MP_-1200x1594.jpg 1200w, https:\/\/sfgrs.de\/wordpress\/wp-content\/uploads\/2026\/09\/PXL_20260829_093438297.MP_-1320x1753.jpg 1320w, https:\/\/sfgrs.de\/wordpress\/wp-content\/uploads\/2026\/09\/PXL_20260829_093438297.MP_-1542x2048.jpg 1542w, https:\/\/sfgrs.de\/wordpress\/wp-content\/uploads\/2026\/09\/PXL_20260829_093438297.MP_-scaled.jpg 1928w\" sizes=\"(max-width: 1928px) 100vw, 1928px\" \/><\/div><\/div><\/div><\/div><\/div><\/div><\/div><\/div><\/div><\/div>\n","protected":false},"excerpt":{"rendered":"","protected":false},"author":22,"featured_media":13968,"comment_status":"open","ping_status":"open","sticky":false,"template":"","format":"standard","meta":{"footnotes":""},"categories":[1],"tags":[],"class_list":["post-13966","post","type-post","status-publish","format-standard","has-post-thumbnail","hentry","category-allgemein"],"_links":{"self":[{"href":"https:\/\/sfgrs.de\/wordpress\/index.php\/wp-json\/wp\/v2\/posts\/13966","targetHints":{"allow":["GET"]}}],"collection":[{"href":"https:\/\/sfgrs.de\/wordpress\/index.php\/wp-json\/wp\/v2\/posts"}],"about":[{"href":"https:\/\/sfgrs.de\/wordpress\/index.php\/wp-json\/wp\/v2\/types\/post"}],"author":[{"embeddable":true,"href":"https:\/\/sfgrs.de\/wordpress\/index.php\/wp-json\/wp\/v2\/users\/22"}],"replies":[{"embeddable":true,"href":"https:\/\/sfgrs.de\/wordpress\/index.php\/wp-json\/wp\/v2\/comments?post=13966"}],"version-history":[{"count":4,"href":"https:\/\/sfgrs.de\/wordpress\/index.php\/wp-json\/wp\/v2\/posts\/13966\/revisions"}],"predecessor-version":[{"id":13984,"href":"https:\/\/sfgrs.de\/wordpress\/index.php\/wp-json\/wp\/v2\/posts\/13966\/revisions\/13984"}],"wp:featuredmedia":[{"embeddable":true,"href":"https:\/\/sfgrs.de\/wordpress\/index.php\/wp-json\/wp\/v2\/media\/13968"}],"wp:attachment":[{"href":"https:\/\/sfgrs.de\/wordpress\/index.php\/wp-json\/wp\/v2\/media?parent=13966"}],"wp:term":[{"taxonomy":"category","embeddable":true,"href":"https:\/\/sfgrs.de\/wordpress\/index.php\/wp-json\/wp\/v2\/categories?post=13966"},{"taxonomy":"post_tag","embeddable":true,"href":"https:\/\/sfgrs.de\/wordpress\/index.php\/wp-json\/wp\/v2\/tags?post=13966"}],"curies":[{"name":"wp","href":"https:\/\/api.w.org\/{rel}","templated":true}]}}