{"id":8783,"date":"2024-01-12T15:30:00","date_gmt":"2024-01-12T14:30:00","guid":{"rendered":"https:\/\/www.sfgrs.de\/wordpress\/?p=8783"},"modified":"2024-04-04T16:02:20","modified_gmt":"2024-04-04T14:02:20","slug":"jugend-debattiert-schulfinale","status":"publish","type":"post","link":"https:\/\/sfgrs.de\/wordpress\/index.php\/2024\/01\/12\/jugend-debattiert-schulfinale\/","title":{"rendered":"Jugend debattiert &#8211; Schulfinale"},"content":{"rendered":"<div class=\"fusion-fullwidth fullwidth-box fusion-builder-row-1 fusion-flex-container has-pattern-background has-mask-background nonhundred-percent-fullwidth non-hundred-percent-height-scrolling\" style=\"--awb-border-radius-top-left:0px;--awb-border-radius-top-right:0px;--awb-border-radius-bottom-right:0px;--awb-border-radius-bottom-left:0px;--awb-flex-wrap:wrap;\" ><div class=\"fusion-builder-row fusion-row fusion-flex-align-items-flex-start fusion-flex-content-wrap\" style=\"max-width:1456px;margin-left: calc(-4% \/ 2 );margin-right: calc(-4% \/ 2 );\"><div class=\"fusion-layout-column fusion_builder_column fusion-builder-column-0 fusion_builder_column_1_2 1_2 fusion-flex-column\" style=\"--awb-bg-size:cover;--awb-width-large:50%;--awb-margin-top-large:0px;--awb-spacing-right-large:3.84%;--awb-margin-bottom-large:20px;--awb-spacing-left-large:3.84%;--awb-width-medium:100%;--awb-order-medium:0;--awb-spacing-right-medium:1.92%;--awb-spacing-left-medium:1.92%;--awb-width-small:100%;--awb-order-small:0;--awb-spacing-right-small:1.92%;--awb-spacing-left-small:1.92%;\"><div class=\"fusion-column-wrapper fusion-column-has-shadow fusion-flex-justify-content-flex-start fusion-content-layout-column\"><div class=\"fusion-image-carousel fusion-image-carousel-auto fusion-image-carousel-1 fusion-carousel-border\"><div class=\"awb-carousel awb-swiper awb-swiper-carousel\" data-autoplay=\"yes\" data-columns=\"1\" data-itemmargin=\"13\" data-itemwidth=\"180\" data-touchscroll=\"no\" data-imagesize=\"auto\" style=\"--awb-columns:1;\"><div class=\"swiper-wrapper awb-image-carousel-wrapper fusion-flex-align-items-center\"><div class=\"swiper-slide\"><div class=\"fusion-carousel-item-wrapper\"><div class=\"fusion-image-wrapper hover-type-none\"><img decoding=\"async\" width=\"1152\" height=\"768\" src=\"https:\/\/sfgrs.de\/wordpress\/wp-content\/uploads\/2024\/01\/Jugend-debattiert-Sek-II-09123.jpg\" class=\"attachment-full size-full\" alt=\"\" srcset=\"https:\/\/sfgrs.de\/wordpress\/wp-content\/uploads\/2024\/01\/Jugend-debattiert-Sek-II-09123-200x133.jpg 200w, https:\/\/sfgrs.de\/wordpress\/wp-content\/uploads\/2024\/01\/Jugend-debattiert-Sek-II-09123-300x200.jpg 300w, https:\/\/sfgrs.de\/wordpress\/wp-content\/uploads\/2024\/01\/Jugend-debattiert-Sek-II-09123-400x267.jpg 400w, https:\/\/sfgrs.de\/wordpress\/wp-content\/uploads\/2024\/01\/Jugend-debattiert-Sek-II-09123-600x400.jpg 600w, https:\/\/sfgrs.de\/wordpress\/wp-content\/uploads\/2024\/01\/Jugend-debattiert-Sek-II-09123-768x512.jpg 768w, https:\/\/sfgrs.de\/wordpress\/wp-content\/uploads\/2024\/01\/Jugend-debattiert-Sek-II-09123-800x533.jpg 800w, https:\/\/sfgrs.de\/wordpress\/wp-content\/uploads\/2024\/01\/Jugend-debattiert-Sek-II-09123-1024x683.jpg 1024w, https:\/\/sfgrs.de\/wordpress\/wp-content\/uploads\/2024\/01\/Jugend-debattiert-Sek-II-09123.jpg 1152w\" sizes=\"(max-width: 1152px) 100vw, 1152px\" \/><\/div><\/div><\/div><div class=\"swiper-slide\"><div class=\"fusion-carousel-item-wrapper\"><div class=\"fusion-image-wrapper hover-type-none\"><img decoding=\"async\" width=\"768\" height=\"1152\" src=\"https:\/\/sfgrs.de\/wordpress\/wp-content\/uploads\/2024\/01\/Jugend-debattiert-Sek-II-09111.jpg\" class=\"attachment-full size-full\" alt=\"\" srcset=\"https:\/\/sfgrs.de\/wordpress\/wp-content\/uploads\/2024\/01\/Jugend-debattiert-Sek-II-09111-200x300.jpg 200w, https:\/\/sfgrs.de\/wordpress\/wp-content\/uploads\/2024\/01\/Jugend-debattiert-Sek-II-09111-400x600.jpg 400w, https:\/\/sfgrs.de\/wordpress\/wp-content\/uploads\/2024\/01\/Jugend-debattiert-Sek-II-09111-600x900.jpg 600w, https:\/\/sfgrs.de\/wordpress\/wp-content\/uploads\/2024\/01\/Jugend-debattiert-Sek-II-09111-683x1024.jpg 683w, https:\/\/sfgrs.de\/wordpress\/wp-content\/uploads\/2024\/01\/Jugend-debattiert-Sek-II-09111.jpg 768w\" sizes=\"(max-width: 768px) 100vw, 768px\" \/><\/div><\/div><\/div><div class=\"swiper-slide\"><div class=\"fusion-carousel-item-wrapper\"><div class=\"fusion-image-wrapper hover-type-none\"><img decoding=\"async\" width=\"768\" height=\"1152\" src=\"https:\/\/sfgrs.de\/wordpress\/wp-content\/uploads\/2024\/01\/Jugend-debattiert-Sek-II-09134.jpg\" class=\"attachment-full size-full\" alt=\"\" srcset=\"https:\/\/sfgrs.de\/wordpress\/wp-content\/uploads\/2024\/01\/Jugend-debattiert-Sek-II-09134-200x300.jpg 200w, https:\/\/sfgrs.de\/wordpress\/wp-content\/uploads\/2024\/01\/Jugend-debattiert-Sek-II-09134-400x600.jpg 400w, https:\/\/sfgrs.de\/wordpress\/wp-content\/uploads\/2024\/01\/Jugend-debattiert-Sek-II-09134-600x900.jpg 600w, https:\/\/sfgrs.de\/wordpress\/wp-content\/uploads\/2024\/01\/Jugend-debattiert-Sek-II-09134-683x1024.jpg 683w, https:\/\/sfgrs.de\/wordpress\/wp-content\/uploads\/2024\/01\/Jugend-debattiert-Sek-II-09134.jpg 768w\" sizes=\"(max-width: 768px) 100vw, 768px\" \/><\/div><\/div><\/div><div class=\"swiper-slide\"><div class=\"fusion-carousel-item-wrapper\"><div class=\"fusion-image-wrapper hover-type-none\"><img decoding=\"async\" width=\"768\" height=\"1152\" src=\"https:\/\/sfgrs.de\/wordpress\/wp-content\/uploads\/2024\/01\/Jugend-debattiert-Sek-II-09149.jpg\" class=\"attachment-full size-full\" alt=\"\" srcset=\"https:\/\/sfgrs.de\/wordpress\/wp-content\/uploads\/2024\/01\/Jugend-debattiert-Sek-II-09149-200x300.jpg 200w, https:\/\/sfgrs.de\/wordpress\/wp-content\/uploads\/2024\/01\/Jugend-debattiert-Sek-II-09149-400x600.jpg 400w, https:\/\/sfgrs.de\/wordpress\/wp-content\/uploads\/2024\/01\/Jugend-debattiert-Sek-II-09149-600x900.jpg 600w, https:\/\/sfgrs.de\/wordpress\/wp-content\/uploads\/2024\/01\/Jugend-debattiert-Sek-II-09149-683x1024.jpg 683w, https:\/\/sfgrs.de\/wordpress\/wp-content\/uploads\/2024\/01\/Jugend-debattiert-Sek-II-09149.jpg 768w\" sizes=\"(max-width: 768px) 100vw, 768px\" \/><\/div><\/div><\/div><\/div><div class=\"awb-swiper-button awb-swiper-button-prev\"><i class=\"awb-icon-angle-left\" aria-hidden=\"true\"><\/i><\/div><div class=\"awb-swiper-button awb-swiper-button-next\"><i class=\"awb-icon-angle-right\" aria-hidden=\"true\"><\/i><\/div><\/div><\/div><\/div><\/div><div class=\"fusion-layout-column fusion_builder_column fusion-builder-column-1 fusion_builder_column_1_2 1_2 fusion-flex-column\" style=\"--awb-bg-size:cover;--awb-width-large:50%;--awb-margin-top-large:0px;--awb-spacing-right-large:3.84%;--awb-margin-bottom-large:20px;--awb-spacing-left-large:3.84%;--awb-width-medium:100%;--awb-order-medium:0;--awb-spacing-right-medium:1.92%;--awb-spacing-left-medium:1.92%;--awb-width-small:100%;--awb-order-small:0;--awb-spacing-right-small:1.92%;--awb-spacing-left-small:1.92%;\"><div class=\"fusion-column-wrapper fusion-column-has-shadow fusion-flex-justify-content-flex-start fusion-content-layout-column\"><div class=\"fusion-text fusion-text-1\"><p>Am 21.12.2023 fand das Schulfinale des deutschlandweiten \u201eJugend debattiert\u201c Wettbewerbs statt, bei dem die Klassensiegerinnen der 9b, 10a, 10b und 10c gegeneinander antraten.<\/p>\n<p>Debattiert wurde die Frage: \u201eSoll an Kinder und Jugendliche gerichtete Werbung f\u00fcr ungesunde Lebensmittel verboten werden?\u201c<\/p>\n<p>Leni Jung auf der Pro 1-Position gab bereits zu Beginn der Debatte zu bedenken, dass durch Werbung f\u00fcr S\u00fc\u00dfigkeiten ein ungesundes Verh\u00e4ltnis zu Zucker angestrebt wird, beispielsweise, indem S\u00fc\u00dfes als Belohnung, als Tr\u00f6ster, als Motivation angesehen wird. Die Gefahr von \u00dcbergewicht mit all seinen Folgeerkrankungen war das Hauptargument der Pro-Seite. Die Contra-Seite hielt jedoch dagegen: Sie sah die Verantwortung f\u00fcr einen bewussten Konsum ungesunder Lebensmittel bei den Eltern und pl\u00e4dierte zudem f\u00fcr eine Meinungs- und Werbefreiheit, die ein Verbot ausschlie\u00dft.<\/p>\n<p>Insgesamt lieferten sich die vier Teilnehmerinnen eine interessante Debatte, die von der Jury am Ende gelobt wurde.<\/p>\n<p>Leni Jung (Platz 1) und Jil Adler (Platz 2) konnten den Wettbewerb f\u00fcr sich entscheiden und treten im Februar beim Regionalvorentscheid am Albert-Schweizer-Gymnasium f\u00fcr unsere Schule an. Mara Bohlander und Jolina Paul sind ihre beiden Vertreterinnen.<\/p>\n<p>Nur wenige Wochen sp\u00e4ter, am 09.01.2024 debattierten die Kurssiegerinnen der MSS beim Schulfinale in der Altersstufe II um die Frage: \u201eSollen an Schulen Fertigkeiten vermittelt werden, die bei einem milit\u00e4rischen Verteidigungsfall relevant sind?\u201c Die Pro-Seite schlug hierf\u00fcr zum Teil verpflichtende Kurse in der Mittelstufe vor, in denen Themen wie Selbstverteidigung, erste Hilfe und der Umgang mit Waffen eine Rolle spielen. Die aktuelle europ\u00e4ische Lage mache eine milit\u00e4rische Bildung unverzichtbar, so Pro 2. Insbesondere der Vorschlag, Sch\u00fclerinnen und Sch\u00fclern (mit Einverst\u00e4ndnis der Eltern) mit Waffen vertraut zu machen, stie\u00df bei der Contra-Seite auf heftige Kritik. Zudem sieht die Contra-Seite die gut aufgestellte und gerade erst finanziell bezuschusste deutsche Bundeswehr in der Aufgabe einer m\u00f6glichen Verteidigung und nicht Sch\u00fclerinnen und Sch\u00fcler, welche laut den beiden Debattantinnen zudem vor einer seelischen Herausforderung st\u00fcnden, w\u00fcrden sie in der Schule so akut mit dem Thema Krieg konfrontiert.<\/p>\n<p>Am Ende \u00fcberzeugte vor allem Maike Dowidat (Contra 1), welche gemeinsam mit Ariane Huf (Contra 2) als Siegerinnen ins Regionalvorfinale einziehen. Luisa Zerr und Jana Braun (Pro) werden als Vertreterinnen ebenfalls vor Ort sein.<\/p>\n<p>Wir gratulieren allen Debattantinnen und w\u00fcnschen viel Erfolg in der n\u00e4chsten Runde!<\/p>\n<p><em>A. Zoermer (Schullkoordinatorin Jugend debattiert, GYM)<\/em><\/p>\n<\/div><\/div><\/div><\/div><\/div>\n","protected":false},"excerpt":{"rendered":"","protected":false},"author":14,"featured_media":8785,"comment_status":"open","ping_status":"open","sticky":false,"template":"","format":"standard","meta":{"footnotes":""},"categories":[1],"tags":[],"class_list":["post-8783","post","type-post","status-publish","format-standard","has-post-thumbnail","hentry","category-allgemein"],"_links":{"self":[{"href":"https:\/\/sfgrs.de\/wordpress\/index.php\/wp-json\/wp\/v2\/posts\/8783","targetHints":{"allow":["GET"]}}],"collection":[{"href":"https:\/\/sfgrs.de\/wordpress\/index.php\/wp-json\/wp\/v2\/posts"}],"about":[{"href":"https:\/\/sfgrs.de\/wordpress\/index.php\/wp-json\/wp\/v2\/types\/post"}],"author":[{"embeddable":true,"href":"https:\/\/sfgrs.de\/wordpress\/index.php\/wp-json\/wp\/v2\/users\/14"}],"replies":[{"embeddable":true,"href":"https:\/\/sfgrs.de\/wordpress\/index.php\/wp-json\/wp\/v2\/comments?post=8783"}],"version-history":[{"count":3,"href":"https:\/\/sfgrs.de\/wordpress\/index.php\/wp-json\/wp\/v2\/posts\/8783\/revisions"}],"predecessor-version":[{"id":8790,"href":"https:\/\/sfgrs.de\/wordpress\/index.php\/wp-json\/wp\/v2\/posts\/8783\/revisions\/8790"}],"wp:featuredmedia":[{"embeddable":true,"href":"https:\/\/sfgrs.de\/wordpress\/index.php\/wp-json\/wp\/v2\/media\/8785"}],"wp:attachment":[{"href":"https:\/\/sfgrs.de\/wordpress\/index.php\/wp-json\/wp\/v2\/media?parent=8783"}],"wp:term":[{"taxonomy":"category","embeddable":true,"href":"https:\/\/sfgrs.de\/wordpress\/index.php\/wp-json\/wp\/v2\/categories?post=8783"},{"taxonomy":"post_tag","embeddable":true,"href":"https:\/\/sfgrs.de\/wordpress\/index.php\/wp-json\/wp\/v2\/tags?post=8783"}],"curies":[{"name":"wp","href":"https:\/\/api.w.org\/{rel}","templated":true}]}}