{"id":8939,"date":"2024-03-09T11:59:52","date_gmt":"2024-03-09T10:59:52","guid":{"rendered":"https:\/\/sfgrs.de\/wordpress\/?p=8939"},"modified":"2024-04-04T16:02:20","modified_gmt":"2024-04-04T14:02:20","slug":"der-landtag-ruft-das-regionalfinale-des-bundeswettbewerbs-jugend","status":"publish","type":"post","link":"https:\/\/sfgrs.de\/wordpress\/index.php\/2024\/03\/09\/der-landtag-ruft-das-regionalfinale-des-bundeswettbewerbs-jugend\/","title":{"rendered":"Der Landtag ruft! &#8211; Das Regionalfinale des Bundeswettbewerbs Jugend debattiert"},"content":{"rendered":"<div class=\"fusion-fullwidth fullwidth-box fusion-builder-row-1 fusion-flex-container has-pattern-background has-mask-background nonhundred-percent-fullwidth non-hundred-percent-height-scrolling\" style=\"--awb-border-radius-top-left:0px;--awb-border-radius-top-right:0px;--awb-border-radius-bottom-right:0px;--awb-border-radius-bottom-left:0px;--awb-flex-wrap:wrap;\" ><div class=\"fusion-builder-row fusion-row fusion-flex-align-items-flex-start fusion-flex-content-wrap\" style=\"max-width:1456px;margin-left: calc(-4% \/ 2 );margin-right: calc(-4% \/ 2 );\"><div class=\"fusion-layout-column fusion_builder_column fusion-builder-column-0 fusion_builder_column_1_2 1_2 fusion-flex-column\" style=\"--awb-bg-size:cover;--awb-width-large:50%;--awb-margin-top-large:0px;--awb-spacing-right-large:3.84%;--awb-margin-bottom-large:20px;--awb-spacing-left-large:3.84%;--awb-width-medium:100%;--awb-order-medium:0;--awb-spacing-right-medium:1.92%;--awb-spacing-left-medium:1.92%;--awb-width-small:100%;--awb-order-small:0;--awb-spacing-right-small:1.92%;--awb-spacing-left-small:1.92%;\"><div class=\"fusion-column-wrapper fusion-column-has-shadow fusion-flex-justify-content-flex-start fusion-content-layout-column\"><div class=\"fusion-image-carousel fusion-image-carousel-auto fusion-image-carousel-1 fusion-carousel-border\"><div class=\"awb-carousel awb-swiper awb-swiper-carousel\" data-autoplay=\"yes\" data-columns=\"1\" data-itemmargin=\"13\" data-itemwidth=\"180\" data-touchscroll=\"no\" data-imagesize=\"auto\" style=\"--awb-columns:1;\"><div class=\"swiper-wrapper awb-image-carousel-wrapper fusion-flex-align-items-center\"><div class=\"swiper-slide\"><div class=\"fusion-carousel-item-wrapper\"><div class=\"fusion-image-wrapper hover-type-none\"><img decoding=\"async\" width=\"768\" height=\"1152\" src=\"https:\/\/sfgrs.de\/wordpress\/wp-content\/uploads\/2024\/03\/Regionalfinale-24-09706-1.jpg\" class=\"attachment-full size-full\" alt=\"\" srcset=\"https:\/\/sfgrs.de\/wordpress\/wp-content\/uploads\/2024\/03\/Regionalfinale-24-09706-1-200x300.jpg 200w, https:\/\/sfgrs.de\/wordpress\/wp-content\/uploads\/2024\/03\/Regionalfinale-24-09706-1-400x600.jpg 400w, https:\/\/sfgrs.de\/wordpress\/wp-content\/uploads\/2024\/03\/Regionalfinale-24-09706-1-600x900.jpg 600w, https:\/\/sfgrs.de\/wordpress\/wp-content\/uploads\/2024\/03\/Regionalfinale-24-09706-1-683x1024.jpg 683w, https:\/\/sfgrs.de\/wordpress\/wp-content\/uploads\/2024\/03\/Regionalfinale-24-09706-1.jpg 768w\" sizes=\"(max-width: 768px) 100vw, 768px\" \/><\/div><\/div><\/div><div class=\"swiper-slide\"><div class=\"fusion-carousel-item-wrapper\"><div class=\"fusion-image-wrapper hover-type-none\"><img decoding=\"async\" width=\"1152\" height=\"768\" src=\"https:\/\/sfgrs.de\/wordpress\/wp-content\/uploads\/2024\/03\/Regionalfinale-24-09768-1.jpg\" class=\"attachment-full size-full\" alt=\"\" srcset=\"https:\/\/sfgrs.de\/wordpress\/wp-content\/uploads\/2024\/03\/Regionalfinale-24-09768-1-200x133.jpg 200w, https:\/\/sfgrs.de\/wordpress\/wp-content\/uploads\/2024\/03\/Regionalfinale-24-09768-1-300x200.jpg 300w, https:\/\/sfgrs.de\/wordpress\/wp-content\/uploads\/2024\/03\/Regionalfinale-24-09768-1-400x267.jpg 400w, https:\/\/sfgrs.de\/wordpress\/wp-content\/uploads\/2024\/03\/Regionalfinale-24-09768-1-600x400.jpg 600w, https:\/\/sfgrs.de\/wordpress\/wp-content\/uploads\/2024\/03\/Regionalfinale-24-09768-1-768x512.jpg 768w, https:\/\/sfgrs.de\/wordpress\/wp-content\/uploads\/2024\/03\/Regionalfinale-24-09768-1-800x533.jpg 800w, https:\/\/sfgrs.de\/wordpress\/wp-content\/uploads\/2024\/03\/Regionalfinale-24-09768-1-1024x683.jpg 1024w, https:\/\/sfgrs.de\/wordpress\/wp-content\/uploads\/2024\/03\/Regionalfinale-24-09768-1.jpg 1152w\" sizes=\"(max-width: 1152px) 100vw, 1152px\" \/><\/div><\/div><\/div><div class=\"swiper-slide\"><div class=\"fusion-carousel-item-wrapper\"><div class=\"fusion-image-wrapper hover-type-none\"><img decoding=\"async\" width=\"1152\" height=\"768\" src=\"https:\/\/sfgrs.de\/wordpress\/wp-content\/uploads\/2024\/03\/Regionalfinale-24-09773.jpg\" class=\"attachment-full size-full\" alt=\"\" srcset=\"https:\/\/sfgrs.de\/wordpress\/wp-content\/uploads\/2024\/03\/Regionalfinale-24-09773-200x133.jpg 200w, https:\/\/sfgrs.de\/wordpress\/wp-content\/uploads\/2024\/03\/Regionalfinale-24-09773-300x200.jpg 300w, https:\/\/sfgrs.de\/wordpress\/wp-content\/uploads\/2024\/03\/Regionalfinale-24-09773-400x267.jpg 400w, https:\/\/sfgrs.de\/wordpress\/wp-content\/uploads\/2024\/03\/Regionalfinale-24-09773-600x400.jpg 600w, https:\/\/sfgrs.de\/wordpress\/wp-content\/uploads\/2024\/03\/Regionalfinale-24-09773-768x512.jpg 768w, https:\/\/sfgrs.de\/wordpress\/wp-content\/uploads\/2024\/03\/Regionalfinale-24-09773-800x533.jpg 800w, https:\/\/sfgrs.de\/wordpress\/wp-content\/uploads\/2024\/03\/Regionalfinale-24-09773-1024x683.jpg 1024w, https:\/\/sfgrs.de\/wordpress\/wp-content\/uploads\/2024\/03\/Regionalfinale-24-09773.jpg 1152w\" sizes=\"(max-width: 1152px) 100vw, 1152px\" \/><\/div><\/div><\/div><div class=\"swiper-slide\"><div class=\"fusion-carousel-item-wrapper\"><div class=\"fusion-image-wrapper hover-type-none\"><img decoding=\"async\" width=\"1152\" height=\"768\" src=\"https:\/\/sfgrs.de\/wordpress\/wp-content\/uploads\/2024\/03\/Regionalfinale-24-09768.jpg\" class=\"attachment-full size-full\" alt=\"\" srcset=\"https:\/\/sfgrs.de\/wordpress\/wp-content\/uploads\/2024\/03\/Regionalfinale-24-09768-200x133.jpg 200w, https:\/\/sfgrs.de\/wordpress\/wp-content\/uploads\/2024\/03\/Regionalfinale-24-09768-300x200.jpg 300w, https:\/\/sfgrs.de\/wordpress\/wp-content\/uploads\/2024\/03\/Regionalfinale-24-09768-400x267.jpg 400w, https:\/\/sfgrs.de\/wordpress\/wp-content\/uploads\/2024\/03\/Regionalfinale-24-09768-600x400.jpg 600w, https:\/\/sfgrs.de\/wordpress\/wp-content\/uploads\/2024\/03\/Regionalfinale-24-09768-768x512.jpg 768w, https:\/\/sfgrs.de\/wordpress\/wp-content\/uploads\/2024\/03\/Regionalfinale-24-09768-800x533.jpg 800w, https:\/\/sfgrs.de\/wordpress\/wp-content\/uploads\/2024\/03\/Regionalfinale-24-09768-1024x683.jpg 1024w, https:\/\/sfgrs.de\/wordpress\/wp-content\/uploads\/2024\/03\/Regionalfinale-24-09768.jpg 1152w\" sizes=\"(max-width: 1152px) 100vw, 1152px\" \/><\/div><\/div><\/div><div class=\"swiper-slide\"><div class=\"fusion-carousel-item-wrapper\"><div class=\"fusion-image-wrapper hover-type-none\"><img decoding=\"async\" width=\"768\" height=\"1152\" src=\"https:\/\/sfgrs.de\/wordpress\/wp-content\/uploads\/2024\/03\/Regionalfinale-24-09720.jpg\" class=\"attachment-full size-full\" alt=\"\" srcset=\"https:\/\/sfgrs.de\/wordpress\/wp-content\/uploads\/2024\/03\/Regionalfinale-24-09720-200x300.jpg 200w, https:\/\/sfgrs.de\/wordpress\/wp-content\/uploads\/2024\/03\/Regionalfinale-24-09720-400x600.jpg 400w, https:\/\/sfgrs.de\/wordpress\/wp-content\/uploads\/2024\/03\/Regionalfinale-24-09720-600x900.jpg 600w, https:\/\/sfgrs.de\/wordpress\/wp-content\/uploads\/2024\/03\/Regionalfinale-24-09720-683x1024.jpg 683w, https:\/\/sfgrs.de\/wordpress\/wp-content\/uploads\/2024\/03\/Regionalfinale-24-09720.jpg 768w\" sizes=\"(max-width: 768px) 100vw, 768px\" \/><\/div><\/div><\/div><\/div><\/div><\/div><\/div><\/div><div class=\"fusion-layout-column fusion_builder_column fusion-builder-column-1 fusion_builder_column_1_2 1_2 fusion-flex-column\" style=\"--awb-bg-size:cover;--awb-width-large:50%;--awb-margin-top-large:0px;--awb-spacing-right-large:3.84%;--awb-margin-bottom-large:20px;--awb-spacing-left-large:3.84%;--awb-width-medium:100%;--awb-order-medium:0;--awb-spacing-right-medium:1.92%;--awb-spacing-left-medium:1.92%;--awb-width-small:100%;--awb-order-small:0;--awb-spacing-right-small:1.92%;--awb-spacing-left-small:1.92%;\"><div class=\"fusion-column-wrapper fusion-column-has-shadow fusion-flex-justify-content-flex-start fusion-content-layout-column\"><div class=\"fusion-text fusion-text-1\"><p>Am 29.02.2024 fand im gro\u00dfen Ratsaal des Rathauses Kaiserslautern das Regionalfinale des Bundeswettbewerbs Jugend debattiert statt.<\/p>\n<p>Im ersten Durchgang debattierte die Altersklasse II (MSS) die Frage: \u201eSoll jeder Mensch in Deutschland zum 18. Geburtstag ein Grunderbe erhalten?\u201c Ariane-Marie Huf debattierte f\u00fcr das St. Franziskus Gymnasium auf der Contra 1 Position. W\u00e4hrend die Pro-Seite das Grunderbe unter anderem mit den Argumenten bef\u00fcrwortete, dass damit eine Chancengleichheit angestrebt werden k\u00f6nne Partner unter anderem mit den Argumenten dagegen, dass man die von Pro vorgeschlagene angemessen Verwendung nicht \u00fcberpr\u00fcfen k\u00f6nne und dass es sinnvoller sei, Ressourcen beispielsweise in das Schulsystem oder Konzepte wie Baf\u00f6g zu stecken, um eine bessere Bildung in allen Schichten zu garantieren, was letztendlich auch die Chancengleichheit f\u00f6rdere. Ariane-Marie zeigte eine sehr gute \u00dcberzeugungskraft und Sachkenntnis, was ihr letztendlich den dritten Platz sicherte. Damit ist sie als Nachr\u00fcckerin f\u00fcr das Landesfinale gesetzt.<\/p>\n<p>Im Anschluss an die R\u00fcckmeldung der Jury fand das Finale der Altersklasse I statt. Hier debattierte Jil Adler f\u00fcr das SFG auf der Position Contra 2 die Frage: \u201eSollen \u00f6ffentliche Schwimmb\u00e4der eine fl\u00e4chendeckende Video\u00fcberwachung einf\u00fchren?\u201c In der sehr abwechslungsreichen und hochwertigen Debatte ging es vor allem um die Frage, was schwerer wiegt: Das Pers\u00f6nlichkeitsrecht und das damit einhergehende Freiheitsgef\u00fchl, was gegen eine Einf\u00fchrung sprechen w\u00fcrde, oder im Gegensatz dazu der Sicherheitsaspekt und die Hoffnung darauf, Straftaten wie Diebst\u00e4hle oder sexuelle \u00dcbergriffe zu verhindern. Nicht zuletzt aufgrund ihrer guten Gespr\u00e4chsf\u00e4higkeit und wegen ihrer sehr Sachkenntnis schaffte es Jil Adler am Ende auf den zweiten Platz. Sie wird mit den \u00fcbrigen Erst- und Zweitplatzierten in Rheinland-Pfalz im Mai an einem zweit\u00e4tigen Landessiegerseminar teilnehmen. Dort werden die Teilnehmerinnen und Teilnehmer noch einmal von Profis in den Kategorien Sachkenntnis, Gespr\u00e4chsf\u00e4higkeit, Ausdrucksverm\u00f6gen und \u00dcberzeugungskraft geschult.<\/p>\n<p>Im Mai findet der n\u00e4chste Wettbewerb im Landtag in Mainz statt, bei welchem Jil und gegebenenfalls Ariane-Marie, sollte eine Person ausfallen, den Regionalverbund Westpfalz auf Landesebene vertreten werden.<\/p>\n<p>Wir sind sehr stolz und w\u00fcnschen den beiden Debattantinnen viel Erfolg in der n\u00e4chsten Runde!<\/p>\n<p><em>A. <\/em><em>Zoermer, Schulkoordinatorin Jugend debattiert (Gymnasium)<\/em><\/p>\n<\/div><\/div><\/div><\/div><\/div>\n","protected":false},"excerpt":{"rendered":"","protected":false},"author":14,"featured_media":8944,"comment_status":"open","ping_status":"open","sticky":false,"template":"","format":"standard","meta":{"footnotes":""},"categories":[1],"tags":[],"class_list":["post-8939","post","type-post","status-publish","format-standard","has-post-thumbnail","hentry","category-allgemein"],"_links":{"self":[{"href":"https:\/\/sfgrs.de\/wordpress\/index.php\/wp-json\/wp\/v2\/posts\/8939","targetHints":{"allow":["GET"]}}],"collection":[{"href":"https:\/\/sfgrs.de\/wordpress\/index.php\/wp-json\/wp\/v2\/posts"}],"about":[{"href":"https:\/\/sfgrs.de\/wordpress\/index.php\/wp-json\/wp\/v2\/types\/post"}],"author":[{"embeddable":true,"href":"https:\/\/sfgrs.de\/wordpress\/index.php\/wp-json\/wp\/v2\/users\/14"}],"replies":[{"embeddable":true,"href":"https:\/\/sfgrs.de\/wordpress\/index.php\/wp-json\/wp\/v2\/comments?post=8939"}],"version-history":[{"count":6,"href":"https:\/\/sfgrs.de\/wordpress\/index.php\/wp-json\/wp\/v2\/posts\/8939\/revisions"}],"predecessor-version":[{"id":8949,"href":"https:\/\/sfgrs.de\/wordpress\/index.php\/wp-json\/wp\/v2\/posts\/8939\/revisions\/8949"}],"wp:featuredmedia":[{"embeddable":true,"href":"https:\/\/sfgrs.de\/wordpress\/index.php\/wp-json\/wp\/v2\/media\/8944"}],"wp:attachment":[{"href":"https:\/\/sfgrs.de\/wordpress\/index.php\/wp-json\/wp\/v2\/media?parent=8939"}],"wp:term":[{"taxonomy":"category","embeddable":true,"href":"https:\/\/sfgrs.de\/wordpress\/index.php\/wp-json\/wp\/v2\/categories?post=8939"},{"taxonomy":"post_tag","embeddable":true,"href":"https:\/\/sfgrs.de\/wordpress\/index.php\/wp-json\/wp\/v2\/tags?post=8939"}],"curies":[{"name":"wp","href":"https:\/\/api.w.org\/{rel}","templated":true}]}}