{"id":9531,"date":"2024-07-05T09:43:01","date_gmt":"2024-07-05T07:43:01","guid":{"rendered":"https:\/\/sfgrs.de\/wordpress\/?p=9531"},"modified":"2024-07-05T09:45:22","modified_gmt":"2024-07-05T07:45:22","slug":"landessiegerin-des-bundeswettbewerbes-fremdsprachen-anna-maria-nini-aus-der-10b","status":"publish","type":"post","link":"https:\/\/sfgrs.de\/wordpress\/index.php\/2024\/07\/05\/landessiegerin-des-bundeswettbewerbes-fremdsprachen-anna-maria-nini-aus-der-10b\/","title":{"rendered":"Landessiegerin des Bundeswettbewerbes Fremdsprachen: Anna Maria Nini aus der 10b"},"content":{"rendered":"<div class=\"fusion-fullwidth fullwidth-box fusion-builder-row-1 fusion-flex-container has-pattern-background has-mask-background nonhundred-percent-fullwidth non-hundred-percent-height-scrolling\" style=\"--awb-border-radius-top-left:0px;--awb-border-radius-top-right:0px;--awb-border-radius-bottom-right:0px;--awb-border-radius-bottom-left:0px;--awb-flex-wrap:wrap;\" ><div class=\"fusion-builder-row fusion-row fusion-flex-align-items-flex-start fusion-flex-content-wrap\" style=\"max-width:1456px;margin-left: calc(-4% \/ 2 );margin-right: calc(-4% \/ 2 );\"><div class=\"fusion-layout-column fusion_builder_column fusion-builder-column-0 fusion_builder_column_1_2 1_2 fusion-flex-column\" style=\"--awb-bg-size:cover;--awb-width-large:50%;--awb-margin-top-large:0px;--awb-spacing-right-large:3.84%;--awb-margin-bottom-large:20px;--awb-spacing-left-large:3.84%;--awb-width-medium:100%;--awb-order-medium:0;--awb-spacing-right-medium:1.92%;--awb-spacing-left-medium:1.92%;--awb-width-small:100%;--awb-order-small:0;--awb-spacing-right-small:1.92%;--awb-spacing-left-small:1.92%;\"><div class=\"fusion-column-wrapper fusion-column-has-shadow fusion-flex-justify-content-flex-start fusion-content-layout-column\"><div class=\"fusion-text fusion-text-1\"><p>Anna Maria Nini aus der 10b ist Landessiegerin des Bundeswettberbes Fremdsprachen im Bereich Englisch. In diesem Wettbewerb f\u00fcr die Jahrgangsstufen 8 bis 10 konnte Sie mit ihrem eingereichten Video \u00fcberzeugen und zudem die schriftliche \u00dcberpr\u00fcfung in den Bereichen Lesen, Schreiben, H\u00f6rverstehen und Landeskunde erfolgreich absolvieren. Diese Pr\u00fcfungen beziehen sich jedes Jahr auf ein anderes vorgegebenes geographisches Gebiet der Sprache, z.B. the American South (Thema 2024). Anna hat bereits letztes Jahr in Franz\u00f6sisch einen Preis gewonnen und damit ihre Sprachbegabung unter Beweis gestellt-<\/p>\n<p>Wir gratulieren herzlich.<\/p>\n<p><em>F. Bernhardt<\/em><\/p>\n<\/div><\/div><\/div><\/div><\/div>\n","protected":false},"excerpt":{"rendered":"","protected":false},"author":14,"featured_media":9496,"comment_status":"open","ping_status":"open","sticky":false,"template":"","format":"standard","meta":{"footnotes":""},"categories":[1],"tags":[],"class_list":["post-9531","post","type-post","status-publish","format-standard","has-post-thumbnail","hentry","category-allgemein"],"_links":{"self":[{"href":"https:\/\/sfgrs.de\/wordpress\/index.php\/wp-json\/wp\/v2\/posts\/9531","targetHints":{"allow":["GET"]}}],"collection":[{"href":"https:\/\/sfgrs.de\/wordpress\/index.php\/wp-json\/wp\/v2\/posts"}],"about":[{"href":"https:\/\/sfgrs.de\/wordpress\/index.php\/wp-json\/wp\/v2\/types\/post"}],"author":[{"embeddable":true,"href":"https:\/\/sfgrs.de\/wordpress\/index.php\/wp-json\/wp\/v2\/users\/14"}],"replies":[{"embeddable":true,"href":"https:\/\/sfgrs.de\/wordpress\/index.php\/wp-json\/wp\/v2\/comments?post=9531"}],"version-history":[{"count":3,"href":"https:\/\/sfgrs.de\/wordpress\/index.php\/wp-json\/wp\/v2\/posts\/9531\/revisions"}],"predecessor-version":[{"id":9534,"href":"https:\/\/sfgrs.de\/wordpress\/index.php\/wp-json\/wp\/v2\/posts\/9531\/revisions\/9534"}],"wp:featuredmedia":[{"embeddable":true,"href":"https:\/\/sfgrs.de\/wordpress\/index.php\/wp-json\/wp\/v2\/media\/9496"}],"wp:attachment":[{"href":"https:\/\/sfgrs.de\/wordpress\/index.php\/wp-json\/wp\/v2\/media?parent=9531"}],"wp:term":[{"taxonomy":"category","embeddable":true,"href":"https:\/\/sfgrs.de\/wordpress\/index.php\/wp-json\/wp\/v2\/categories?post=9531"},{"taxonomy":"post_tag","embeddable":true,"href":"https:\/\/sfgrs.de\/wordpress\/index.php\/wp-json\/wp\/v2\/tags?post=9531"}],"curies":[{"name":"wp","href":"https:\/\/api.w.org\/{rel}","templated":true}]}}