{"id":9699,"date":"2024-09-01T13:04:05","date_gmt":"2024-09-01T11:04:05","guid":{"rendered":"https:\/\/sfgrs.de\/wordpress\/?p=9699"},"modified":"2024-09-01T13:04:05","modified_gmt":"2024-09-01T11:04:05","slug":"la-ola-eine-welle-aus-freude-und-dankbarkeit-anfangsgottesdienst-im-schulhof","status":"publish","type":"post","link":"https:\/\/sfgrs.de\/wordpress\/index.php\/2024\/09\/01\/la-ola-eine-welle-aus-freude-und-dankbarkeit-anfangsgottesdienst-im-schulhof\/","title":{"rendered":"La Ola &#8211; eine Welle aus Freude und Dankbarkeit &#8211; Anfangsgottesdienst im Schulhof"},"content":{"rendered":"<div class=\"fusion-fullwidth fullwidth-box fusion-builder-row-1 fusion-flex-container has-pattern-background has-mask-background nonhundred-percent-fullwidth non-hundred-percent-height-scrolling\" style=\"--awb-border-radius-top-left:0px;--awb-border-radius-top-right:0px;--awb-border-radius-bottom-right:0px;--awb-border-radius-bottom-left:0px;--awb-flex-wrap:wrap;\" ><div class=\"fusion-builder-row fusion-row fusion-flex-align-items-flex-start fusion-flex-content-wrap\" style=\"max-width:1456px;margin-left: calc(-4% \/ 2 );margin-right: calc(-4% \/ 2 );\"><div class=\"fusion-layout-column fusion_builder_column fusion-builder-column-0 fusion_builder_column_1_2 1_2 fusion-flex-column\" style=\"--awb-bg-size:cover;--awb-width-large:50%;--awb-margin-top-large:0px;--awb-spacing-right-large:3.84%;--awb-margin-bottom-large:20px;--awb-spacing-left-large:3.84%;--awb-width-medium:100%;--awb-order-medium:0;--awb-spacing-right-medium:1.92%;--awb-spacing-left-medium:1.92%;--awb-width-small:100%;--awb-order-small:0;--awb-spacing-right-small:1.92%;--awb-spacing-left-small:1.92%;\"><div class=\"fusion-column-wrapper fusion-column-has-shadow fusion-flex-justify-content-flex-start fusion-content-layout-column\"><div class=\"fusion-image-carousel fusion-image-carousel-auto fusion-image-carousel-1 fusion-carousel-border\"><div class=\"awb-carousel awb-swiper awb-swiper-carousel\" data-autoplay=\"yes\" data-columns=\"1\" data-itemmargin=\"1\" data-itemwidth=\"180\" data-touchscroll=\"no\" data-imagesize=\"auto\" style=\"--awb-columns:1;--awb-column-spacing:1px;\"><div class=\"swiper-wrapper awb-image-carousel-wrapper fusion-flex-align-items-center\"><div class=\"swiper-slide\"><div class=\"fusion-carousel-item-wrapper\"><div class=\"fusion-image-wrapper hover-type-none\"><img decoding=\"async\" width=\"1151\" height=\"768\" src=\"https:\/\/sfgrs.de\/wordpress\/wp-content\/uploads\/2024\/09\/Gottesdienst-6.jpeg\" class=\"attachment-full size-full\" alt=\"\" srcset=\"https:\/\/sfgrs.de\/wordpress\/wp-content\/uploads\/2024\/09\/Gottesdienst-6-200x133.jpeg 200w, https:\/\/sfgrs.de\/wordpress\/wp-content\/uploads\/2024\/09\/Gottesdienst-6-300x200.jpeg 300w, https:\/\/sfgrs.de\/wordpress\/wp-content\/uploads\/2024\/09\/Gottesdienst-6-400x267.jpeg 400w, https:\/\/sfgrs.de\/wordpress\/wp-content\/uploads\/2024\/09\/Gottesdienst-6-600x400.jpeg 600w, https:\/\/sfgrs.de\/wordpress\/wp-content\/uploads\/2024\/09\/Gottesdienst-6-768x512.jpeg 768w, https:\/\/sfgrs.de\/wordpress\/wp-content\/uploads\/2024\/09\/Gottesdienst-6-800x534.jpeg 800w, https:\/\/sfgrs.de\/wordpress\/wp-content\/uploads\/2024\/09\/Gottesdienst-6-1024x683.jpeg 1024w, https:\/\/sfgrs.de\/wordpress\/wp-content\/uploads\/2024\/09\/Gottesdienst-6.jpeg 1151w\" sizes=\"(max-width: 1151px) 100vw, 1151px\" \/><\/div><\/div><\/div><div class=\"swiper-slide\"><div class=\"fusion-carousel-item-wrapper\"><div class=\"fusion-image-wrapper hover-type-none\"><img decoding=\"async\" width=\"1151\" height=\"768\" src=\"https:\/\/sfgrs.de\/wordpress\/wp-content\/uploads\/2024\/09\/Gottesdienst-7.jpeg\" class=\"attachment-full size-full\" alt=\"\" srcset=\"https:\/\/sfgrs.de\/wordpress\/wp-content\/uploads\/2024\/09\/Gottesdienst-7-200x133.jpeg 200w, https:\/\/sfgrs.de\/wordpress\/wp-content\/uploads\/2024\/09\/Gottesdienst-7-300x200.jpeg 300w, https:\/\/sfgrs.de\/wordpress\/wp-content\/uploads\/2024\/09\/Gottesdienst-7-400x267.jpeg 400w, https:\/\/sfgrs.de\/wordpress\/wp-content\/uploads\/2024\/09\/Gottesdienst-7-600x400.jpeg 600w, https:\/\/sfgrs.de\/wordpress\/wp-content\/uploads\/2024\/09\/Gottesdienst-7-768x512.jpeg 768w, https:\/\/sfgrs.de\/wordpress\/wp-content\/uploads\/2024\/09\/Gottesdienst-7-800x534.jpeg 800w, https:\/\/sfgrs.de\/wordpress\/wp-content\/uploads\/2024\/09\/Gottesdienst-7-1024x683.jpeg 1024w, https:\/\/sfgrs.de\/wordpress\/wp-content\/uploads\/2024\/09\/Gottesdienst-7.jpeg 1151w\" sizes=\"(max-width: 1151px) 100vw, 1151px\" \/><\/div><\/div><\/div><div class=\"swiper-slide\"><div class=\"fusion-carousel-item-wrapper\"><div class=\"fusion-image-wrapper hover-type-none\"><img decoding=\"async\" width=\"1151\" height=\"768\" src=\"https:\/\/sfgrs.de\/wordpress\/wp-content\/uploads\/2024\/09\/Gottesdienst-8.jpeg\" class=\"attachment-full size-full\" alt=\"\" srcset=\"https:\/\/sfgrs.de\/wordpress\/wp-content\/uploads\/2024\/09\/Gottesdienst-8-200x133.jpeg 200w, https:\/\/sfgrs.de\/wordpress\/wp-content\/uploads\/2024\/09\/Gottesdienst-8-300x200.jpeg 300w, https:\/\/sfgrs.de\/wordpress\/wp-content\/uploads\/2024\/09\/Gottesdienst-8-400x267.jpeg 400w, https:\/\/sfgrs.de\/wordpress\/wp-content\/uploads\/2024\/09\/Gottesdienst-8-600x400.jpeg 600w, https:\/\/sfgrs.de\/wordpress\/wp-content\/uploads\/2024\/09\/Gottesdienst-8-768x512.jpeg 768w, https:\/\/sfgrs.de\/wordpress\/wp-content\/uploads\/2024\/09\/Gottesdienst-8-800x534.jpeg 800w, https:\/\/sfgrs.de\/wordpress\/wp-content\/uploads\/2024\/09\/Gottesdienst-8-1024x683.jpeg 1024w, https:\/\/sfgrs.de\/wordpress\/wp-content\/uploads\/2024\/09\/Gottesdienst-8.jpeg 1151w\" sizes=\"(max-width: 1151px) 100vw, 1151px\" \/><\/div><\/div><\/div><div class=\"swiper-slide\"><div class=\"fusion-carousel-item-wrapper\"><div class=\"fusion-image-wrapper hover-type-none\"><img decoding=\"async\" width=\"1151\" height=\"768\" src=\"https:\/\/sfgrs.de\/wordpress\/wp-content\/uploads\/2024\/09\/Gottesdienst-1.jpeg\" class=\"attachment-full size-full\" alt=\"\" srcset=\"https:\/\/sfgrs.de\/wordpress\/wp-content\/uploads\/2024\/09\/Gottesdienst-1-200x133.jpeg 200w, https:\/\/sfgrs.de\/wordpress\/wp-content\/uploads\/2024\/09\/Gottesdienst-1-300x200.jpeg 300w, https:\/\/sfgrs.de\/wordpress\/wp-content\/uploads\/2024\/09\/Gottesdienst-1-400x267.jpeg 400w, https:\/\/sfgrs.de\/wordpress\/wp-content\/uploads\/2024\/09\/Gottesdienst-1-600x400.jpeg 600w, https:\/\/sfgrs.de\/wordpress\/wp-content\/uploads\/2024\/09\/Gottesdienst-1-768x512.jpeg 768w, https:\/\/sfgrs.de\/wordpress\/wp-content\/uploads\/2024\/09\/Gottesdienst-1-800x534.jpeg 800w, https:\/\/sfgrs.de\/wordpress\/wp-content\/uploads\/2024\/09\/Gottesdienst-1-1024x683.jpeg 1024w, https:\/\/sfgrs.de\/wordpress\/wp-content\/uploads\/2024\/09\/Gottesdienst-1.jpeg 1151w\" sizes=\"(max-width: 1151px) 100vw, 1151px\" \/><\/div><\/div><\/div><div class=\"swiper-slide\"><div class=\"fusion-carousel-item-wrapper\"><div class=\"fusion-image-wrapper hover-type-none\"><img decoding=\"async\" width=\"1151\" height=\"768\" src=\"https:\/\/sfgrs.de\/wordpress\/wp-content\/uploads\/2024\/09\/Gottedienst-5.jpeg\" class=\"attachment-full size-full\" alt=\"\" srcset=\"https:\/\/sfgrs.de\/wordpress\/wp-content\/uploads\/2024\/09\/Gottedienst-5-200x133.jpeg 200w, https:\/\/sfgrs.de\/wordpress\/wp-content\/uploads\/2024\/09\/Gottedienst-5-300x200.jpeg 300w, https:\/\/sfgrs.de\/wordpress\/wp-content\/uploads\/2024\/09\/Gottedienst-5-400x267.jpeg 400w, https:\/\/sfgrs.de\/wordpress\/wp-content\/uploads\/2024\/09\/Gottedienst-5-600x400.jpeg 600w, https:\/\/sfgrs.de\/wordpress\/wp-content\/uploads\/2024\/09\/Gottedienst-5-768x512.jpeg 768w, https:\/\/sfgrs.de\/wordpress\/wp-content\/uploads\/2024\/09\/Gottedienst-5-800x534.jpeg 800w, https:\/\/sfgrs.de\/wordpress\/wp-content\/uploads\/2024\/09\/Gottedienst-5-1024x683.jpeg 1024w, https:\/\/sfgrs.de\/wordpress\/wp-content\/uploads\/2024\/09\/Gottedienst-5.jpeg 1151w\" sizes=\"(max-width: 1151px) 100vw, 1151px\" \/><\/div><\/div><\/div><\/div><\/div><\/div><\/div><\/div><div class=\"fusion-layout-column fusion_builder_column fusion-builder-column-1 fusion_builder_column_1_2 1_2 fusion-flex-column\" style=\"--awb-bg-size:cover;--awb-width-large:50%;--awb-margin-top-large:0px;--awb-spacing-right-large:3.84%;--awb-margin-bottom-large:20px;--awb-spacing-left-large:3.84%;--awb-width-medium:100%;--awb-order-medium:0;--awb-spacing-right-medium:1.92%;--awb-spacing-left-medium:1.92%;--awb-width-small:100%;--awb-order-small:0;--awb-spacing-right-small:1.92%;--awb-spacing-left-small:1.92%;\"><div class=\"fusion-column-wrapper fusion-column-has-shadow fusion-flex-justify-content-flex-start fusion-content-layout-column\"><div class=\"fusion-text fusion-text-1\"><p>Fr\u00f6hliche Stimmung herrschte bei einem der beiden Anfangsgottesdienste des &#8222;Franziskus&#8220; auf dem Schulhof: Unter dem hell erleuchteten\u00a0Dach der gr\u00fcnen B\u00e4ume feierten etwa 600 Sch\u00fclerinnen und ihre Lehrkr\u00e4fte begeistert Eucharistie mit Pfr. Martin Olf unter dem Thema: &#8222;Angsth\u00e4schen oder Draufg\u00e4ngerin?&#8220;. Eine falsche Alternative, wie sich durch Ps 31 und\u00a0das lebendige Anspiel zu Mt 14,22-33 schnell herausstellte: Mut, Herausforderungen anzunehmen, und gleichzeitig\u00a0Respekt gegen\u00fcber diesen Aufgaben geh\u00f6ren zusammen &#8211; im\u00a0Vertrauen auf Gott, der uns im Menschen Jesus von Nazareth entgegen kommt.<\/p>\n<p><em>M. Lambrich<\/em><\/p>\n<\/div><\/div><\/div><\/div><\/div>\n","protected":false},"excerpt":{"rendered":"","protected":false},"author":14,"featured_media":9696,"comment_status":"open","ping_status":"open","sticky":false,"template":"","format":"standard","meta":{"footnotes":""},"categories":[1],"tags":[],"class_list":["post-9699","post","type-post","status-publish","format-standard","has-post-thumbnail","hentry","category-allgemein"],"_links":{"self":[{"href":"https:\/\/sfgrs.de\/wordpress\/index.php\/wp-json\/wp\/v2\/posts\/9699","targetHints":{"allow":["GET"]}}],"collection":[{"href":"https:\/\/sfgrs.de\/wordpress\/index.php\/wp-json\/wp\/v2\/posts"}],"about":[{"href":"https:\/\/sfgrs.de\/wordpress\/index.php\/wp-json\/wp\/v2\/types\/post"}],"author":[{"embeddable":true,"href":"https:\/\/sfgrs.de\/wordpress\/index.php\/wp-json\/wp\/v2\/users\/14"}],"replies":[{"embeddable":true,"href":"https:\/\/sfgrs.de\/wordpress\/index.php\/wp-json\/wp\/v2\/comments?post=9699"}],"version-history":[{"count":2,"href":"https:\/\/sfgrs.de\/wordpress\/index.php\/wp-json\/wp\/v2\/posts\/9699\/revisions"}],"predecessor-version":[{"id":9701,"href":"https:\/\/sfgrs.de\/wordpress\/index.php\/wp-json\/wp\/v2\/posts\/9699\/revisions\/9701"}],"wp:featuredmedia":[{"embeddable":true,"href":"https:\/\/sfgrs.de\/wordpress\/index.php\/wp-json\/wp\/v2\/media\/9696"}],"wp:attachment":[{"href":"https:\/\/sfgrs.de\/wordpress\/index.php\/wp-json\/wp\/v2\/media?parent=9699"}],"wp:term":[{"taxonomy":"category","embeddable":true,"href":"https:\/\/sfgrs.de\/wordpress\/index.php\/wp-json\/wp\/v2\/categories?post=9699"},{"taxonomy":"post_tag","embeddable":true,"href":"https:\/\/sfgrs.de\/wordpress\/index.php\/wp-json\/wp\/v2\/tags?post=9699"}],"curies":[{"name":"wp","href":"https:\/\/api.w.org\/{rel}","templated":true}]}}